{"id":9583,"date":"2023-03-06T11:32:27","date_gmt":"2023-03-06T10:32:27","guid":{"rendered":"https:\/\/tribunadeangola.org\/?p=9583"},"modified":"2023-03-10T13:00:42","modified_gmt":"2023-03-10T12:00:42","slug":"o-gaviao-e-o-abutre","status":"publish","type":"post","link":"https:\/\/tribunadeangola.org\/?p=9583","title":{"rendered":"O Gavi\u00e3o e o Abutre"},"content":{"rendered":"\n<p class=\"has-drop-cap\">S\u00e3o instintos irrecuper\u00e1veis, sobrevoam o mesmo espa\u00e7o, atacam a mesma presa, devoram-na sem piedade. Quando um esguicha&nbsp;o outro est\u00e1 por perto, s\u00e3o as bichas manhosas feitas donzelas puritanas \u00e0s ordens da mesma clientela.<\/p>\n\n\n\n<p>Ambos partilham a mesma ressaca, pensam que s\u00e3o o que nunca foram, julgam que podem ser o que jamais poder\u00e3o ser.<\/p>\n\n\n\n<p>Marcolino Moco est\u00e1 senil, e como jurista \u00e9 uma n\u00f3doa no Direito, ainda assim deveria dar-se conta que s\u00f3 \u00e9 ainda militante do MPLA, porque pela sua indig\u00eancia nem merece a aplica\u00e7\u00e3o estatut\u00e1ria e consequente expuls\u00e3o, apoiou publicamente o candidato l\u00edder da Oposi\u00e7\u00e3o. Sabemos que as depend\u00eancias s\u00e3o as mesmas, comungam a trai\u00e7\u00e3o a Angola, e com ACJ partilha, ainda, o \u00f3dio a Jo\u00e3o Louren\u00e7o.<\/p>\n\n\n\n<p>ACJ e a sua UNITA capturada voltaram \u00e0 RTP \u00c1frica, a televis\u00e3o p\u00fablica socialista no seu melhor, \u00e9 um dos guichet&#8217;s&nbsp;das queixinhas do Galo Negro, a lista de recados est\u00e1 gasta, mon\u00f3tona, j\u00e1 s\u00f3 falta a batina para parecer um confession\u00e1rio novelesco.<\/p>\n\n\n\n<p>Toda gente em Angola se arroga ao direito de opinar sobre a Justi\u00e7a, e quando o Senhor Presidente da Rep\u00fablica, no uso da sua magistratura de influ\u00eancia diz algo, eis que os inquisidores patetas e idiotas em un\u00edssono irrompem a&nbsp;criticar Jo\u00e3o Louren\u00e7o.<\/p>\n\n\n\n<p>A ideia que ACJ e os pol\u00edticos da Oposi\u00e7\u00e3o, os pseudo-intelectuais, os carentes de apoio psiqui\u00e1trico como Marcolino Moco, ou diminu\u00eddos de nascen\u00e7a como Ra\u00fal Dinis,&nbsp;t\u00eam da Justi\u00e7a para Angola, \u00e9 a demiss\u00e3o de Jo\u00e3o Louren\u00e7o, ou seja, querem ser eles a justi\u00e7a para os saqueadores&nbsp;apanharem o primeiro avi\u00e3o e inundarem a Ilha do Cabo de champanhe.<\/p>\n\n\n\n<p>Espero, desejo estar enganado, que n\u00e3o estejamos a assistir a uma inflama\u00e7\u00e3o da Opini\u00e3o P\u00fablica, para esconder outros objetivos inconfess\u00e1veis, um dia destes, numa nova viagem de ACJ, na bagagem pode andar&nbsp;uma tentativa escondida com o rabo de fora.<\/p>\n","protected":false},"excerpt":{"rendered":"<p>S\u00e3o instintos irrecuper\u00e1veis, sobrevoam o mesmo espa\u00e7o, atacam a mesma presa, devoram-na sem piedade. Quando um esguicha&nbsp;o outro est\u00e1 por perto, s\u00e3o as bichas manhosas feitas donzelas puritanas \u00e0s ordens da mesma clientela. Ambos partilham a mesma ressaca, pensam que s\u00e3o o que nunca foram, julgam que podem ser o que jamais poder\u00e3o ser. Marcolino [&hellip;]<\/p>\n","protected":false},"author":5,"featured_media":9584,"comment_status":"closed","ping_status":"closed","sticky":false,"template":"","format":"standard","meta":{"inline_featured_image":false,"footnotes":""},"categories":[105,21],"tags":[491,89,33,497,436,587,145,25],"class_list":["post-9583","post","type-post","status-publish","format-standard","has-post-thumbnail","hentry","category-noticias","category-opiniao","tag-acj","tag-angola","tag-joao-lourenco","tag-justica","tag-marcolino-moco","tag-oposicao","tag-presidente-da-republica","tag-unita"],"_links":{"self":[{"href":"https:\/\/tribunadeangola.org\/index.php?rest_route=\/wp\/v2\/posts\/9583","targetHints":{"allow":["GET"]}}],"collection":[{"href":"https:\/\/tribunadeangola.org\/index.php?rest_route=\/wp\/v2\/posts"}],"about":[{"href":"https:\/\/tribunadeangola.org\/index.php?rest_route=\/wp\/v2\/types\/post"}],"author":[{"embeddable":true,"href":"https:\/\/tribunadeangola.org\/index.php?rest_route=\/wp\/v2\/users\/5"}],"replies":[{"embeddable":true,"href":"https:\/\/tribunadeangola.org\/index.php?rest_route=%2Fwp%2Fv2%2Fcomments&post=9583"}],"version-history":[{"count":2,"href":"https:\/\/tribunadeangola.org\/index.php?rest_route=\/wp\/v2\/posts\/9583\/revisions"}],"predecessor-version":[{"id":9586,"href":"https:\/\/tribunadeangola.org\/index.php?rest_route=\/wp\/v2\/posts\/9583\/revisions\/9586"}],"wp:featuredmedia":[{"embeddable":true,"href":"https:\/\/tribunadeangola.org\/index.php?rest_route=\/wp\/v2\/media\/9584"}],"wp:attachment":[{"href":"https:\/\/tribunadeangola.org\/index.php?rest_route=%2Fwp%2Fv2%2Fmedia&parent=9583"}],"wp:term":[{"taxonomy":"category","embeddable":true,"href":"https:\/\/tribunadeangola.org\/index.php?rest_route=%2Fwp%2Fv2%2Fcategories&post=9583"},{"taxonomy":"post_tag","embeddable":true,"href":"https:\/\/tribunadeangola.org\/index.php?rest_route=%2Fwp%2Fv2%2Ftags&post=9583"}],"curies":[{"name":"wp","href":"https:\/\/api.w.org\/{rel}","templated":true}]}}