{"id":9542,"date":"2023-03-01T15:28:51","date_gmt":"2023-03-01T14:28:51","guid":{"rendered":"https:\/\/tribunadeangola.org\/?p=9542"},"modified":"2023-03-03T09:09:17","modified_gmt":"2023-03-03T08:09:17","slug":"a-vitoria-do-presidente","status":"publish","type":"post","link":"https:\/\/tribunadeangola.org\/?p=9542","title":{"rendered":"A vit\u00f3ria do Presidente"},"content":{"rendered":"\n<p class=\"has-drop-cap\">Digam o que quiserem, advogados que n\u00e3o sabem interpretar a lei que falem, jornalistas comprados pelas for\u00e7as oposicionistas que escrevam, mas a verdade \u00e9 s\u00f3 uma: os tempos est\u00e3o a mudar e Jo\u00e3o Louren\u00e7o deu uma li\u00e7\u00e3o de democracia e avan\u00e7o do Estado de Direito.<\/p>\n\n\n\n<p>O Presidente exerceu politicamente os seus deveres ao solicitar a demiss\u00e3o da presidente do Tribunal de Contas. \u00c9 isso que a Constitui\u00e7\u00e3o lhe exige, o uso da sua influ\u00eancia para garantir o bom funcionamento dos \u00f3rg\u00e3os de soberania. N\u00e3o se trata de poderes jur\u00eddicos, mas pol\u00edticos, e \u00e9 assim que deve ser.<\/p>\n\n\n\n<p>Ao mesmo tempo emitiu um comunicado a informar a popula\u00e7\u00e3o. Actua\u00e7\u00e3o transparente e c\u00edvica.<\/p>\n\n\n\n<p>Se fosse no passado as pessoas ficavam nos cargos, continuavam a roubar, e os jornalistas denunciantes eram processados criminalmente ( al\u00f4 Rafael Marques!). Hoje os jornalistas dizem o mal que querem e as suas den\u00fancias s\u00e3o investigadas.<\/p>\n\n\n\n<p>S\u00e3o mesmo novos tempos, e Jo\u00e3o Louren\u00e7o \u00e9 o respons\u00e1vel por esta maturidade c\u00edvica, \u00e9 o in\u00edcio do fim da corrup\u00e7\u00e3o. Um grande aplauso!<\/p>\n","protected":false},"excerpt":{"rendered":"<p>Digam o que quiserem, advogados que n\u00e3o sabem interpretar a lei que falem, jornalistas comprados pelas for\u00e7as oposicionistas que escrevam, mas a verdade \u00e9 s\u00f3 uma: os tempos est\u00e3o a mudar e Jo\u00e3o Louren\u00e7o deu uma li\u00e7\u00e3o de democracia e avan\u00e7o do Estado de Direito. O Presidente exerceu politicamente os seus deveres ao solicitar a [&hellip;]<\/p>\n","protected":false},"author":1,"featured_media":9543,"comment_status":"closed","ping_status":"closed","sticky":false,"template":"","format":"standard","meta":{"inline_featured_image":false,"footnotes":""},"categories":[105,21],"tags":[144,94,33,145],"class_list":["post-9542","post","type-post","status-publish","format-standard","has-post-thumbnail","hentry","category-noticias","category-opiniao","tag-corrupcao","tag-estado-de-direito","tag-joao-lourenco","tag-presidente-da-republica"],"_links":{"self":[{"href":"https:\/\/tribunadeangola.org\/index.php?rest_route=\/wp\/v2\/posts\/9542","targetHints":{"allow":["GET"]}}],"collection":[{"href":"https:\/\/tribunadeangola.org\/index.php?rest_route=\/wp\/v2\/posts"}],"about":[{"href":"https:\/\/tribunadeangola.org\/index.php?rest_route=\/wp\/v2\/types\/post"}],"author":[{"embeddable":true,"href":"https:\/\/tribunadeangola.org\/index.php?rest_route=\/wp\/v2\/users\/1"}],"replies":[{"embeddable":true,"href":"https:\/\/tribunadeangola.org\/index.php?rest_route=%2Fwp%2Fv2%2Fcomments&post=9542"}],"version-history":[{"count":2,"href":"https:\/\/tribunadeangola.org\/index.php?rest_route=\/wp\/v2\/posts\/9542\/revisions"}],"predecessor-version":[{"id":9545,"href":"https:\/\/tribunadeangola.org\/index.php?rest_route=\/wp\/v2\/posts\/9542\/revisions\/9545"}],"wp:featuredmedia":[{"embeddable":true,"href":"https:\/\/tribunadeangola.org\/index.php?rest_route=\/wp\/v2\/media\/9543"}],"wp:attachment":[{"href":"https:\/\/tribunadeangola.org\/index.php?rest_route=%2Fwp%2Fv2%2Fmedia&parent=9542"}],"wp:term":[{"taxonomy":"category","embeddable":true,"href":"https:\/\/tribunadeangola.org\/index.php?rest_route=%2Fwp%2Fv2%2Fcategories&post=9542"},{"taxonomy":"post_tag","embeddable":true,"href":"https:\/\/tribunadeangola.org\/index.php?rest_route=%2Fwp%2Fv2%2Ftags&post=9542"}],"curies":[{"name":"wp","href":"https:\/\/api.w.org\/{rel}","templated":true}]}}