{"id":9525,"date":"2023-03-01T17:54:45","date_gmt":"2023-03-01T16:54:45","guid":{"rendered":"https:\/\/tribunadeangola.org\/?p=9525"},"modified":"2023-03-05T12:35:53","modified_gmt":"2023-03-05T11:35:53","slug":"eduardo-camavinga-um-merengue-nascido-em-angola","status":"publish","type":"post","link":"https:\/\/tribunadeangola.org\/?p=9525","title":{"rendered":"Eduardo Camavinga: um merengue nascido em Angola"},"content":{"rendered":"\n<p class=\"has-drop-cap\">Eduardo Camavinga \u00e9 um jogador de futebol profissional franc\u00eas que actualmente joga pelo Real Madrid. Nascido em Miconje na prov\u00edncia de Cabinda em 2002, Camavinga teve uma inf\u00e2ncia dif\u00edcil, pois ele e a sua fam\u00edlia foram for\u00e7ados a fugir do pa\u00eds devido \u00e0 guerra. Por um per\u00edodo de sua vida, Camavinga viveu num campo de refugiados em Angola e foi durante esse per\u00edodo que ele desenvolveu a sua paix\u00e3o pelo futebol.<\/p>\n\n\n\n<p>Os seus pais fugiram da guerra que estava a ocorrer na Rep\u00fablica Democr\u00e1tica do Congo, e por isso, os seus primeiros dois anos de vida foram passados num campo de refugiados no Norte de Angola.<\/p>\n\n\n\n<p>Camavinga e&nbsp; a sua fam\u00edlia conseguiram escapar para a Fran\u00e7a, e a\u00ed come\u00e7ou a jogar pela equipa juvenil do Rennes. Camavinga impressionou desde o in\u00edcio e, aos 16 anos, ele tornou-se o jogador mais jovem a aparecer na divis\u00e3o principal francesa. Ele fez sua estreia internacional pela Fran\u00e7a em 2020, tornando-se o segundo jogador mais jovem de todos os tempos a representar o pa\u00eds.<\/p>\n\n\n\n<p>A hist\u00f3ria deste jogador \u00e9 de not\u00e1vel resili\u00eancia e perseveran\u00e7a. Apesar de ter que fugir do seu pa\u00eds de origem e morar em um campo de refugiados, ele nunca desistiu de seu sonho de se tornar um jogador de futebol profissional. Ele trabalhou bastante, nunca desistindo, apesar dos obst\u00e1culos que foi enfrentando pelo caminho, at\u00e9 que o seu indubit\u00e1vel talento foi reconhecido.<\/p>\n\n\n\n<p>Em 2021, Camavinga foi contratado pelo Real Madrid, tornando-se o primeiro jogador nascido em Angola a representar o clube. Esta foi uma ocasi\u00e3o importante para Camavinga, e uma prova do trabalho duro e da dedica\u00e7\u00e3o que ele colocou em sua carreira no futebol.<\/p>\n\n\n\n<p>Recentemente, o jogador deu uma entrevista ao jornal ingl\u00eas \u201cThe Guardian\u201d, tendo recordado um pouco da sua inf\u00e2ncia dif\u00edcil passada n\u00e3o s\u00f3 em Angola, como tamb\u00e9m em Fran\u00e7a.<\/p>\n\n\n\n<p>Em algumas das suas declara\u00e7\u00f5es, observa-se que as lembran\u00e7as dos seus primeiros anos de vida j\u00e1 n\u00e3o s\u00e3o muitas, contudo naturalmente recorda os tempos dif\u00edceis e turbulentos, e que ao futebol deve quase tudo na vida.<\/p>\n\n\n\n<p>\u201cTodos os amigos que fiz na vida vieram do futebol. Tenho o meu diploma da escola gra\u00e7as ao futebol tamb\u00e9m. Tenho tanto por que agradecer ao futebol\u201d, frisou.<\/p>\n\n\n\n<p>\u201cAinda n\u00e3o tinha dois anos quando fomos para Fran\u00e7a. As coisas eram dif\u00edceis em Angola. A minha fam\u00edlia foi para Fran\u00e7a para ter uma vida melhor. Havia muitas guerras, era a \u00fanica coisa que o meu pai dizia-me\u201d, contou.<\/p>\n\n\n\n<p>O futebolista j\u00e1 conta na sua ainda curta carreira um t\u00edtulo da Champions League conquistada no ano passado com o Real Madrid e uma participa\u00e7\u00e3o no Campeonato do Mundo no Catar, tendo alcan\u00e7ado a final do torneio com a sele\u00e7\u00e3o gaulesa.<\/p>\n\n\n\n<p>Camavinga \u00e9 uma figura inspiradora para muitos, tendo j\u00e1 superado grandes adversidades e alcan\u00e7ado a grandeza no mundo do futebol. Para aqueles que vivem em circunst\u00e2ncias dif\u00edceis, a sua hist\u00f3ria serve como um lembrete de que, com muito trabalho, dedica\u00e7\u00e3o e determina\u00e7\u00e3o para ter sucesso, tudo \u00e9 poss\u00edvel.<\/p>\n","protected":false},"excerpt":{"rendered":"<p>Eduardo Camavinga \u00e9 um jogador de futebol profissional franc\u00eas que actualmente joga pelo Real Madrid. Nascido em Miconje na prov\u00edncia de Cabinda em 2002, Camavinga teve uma inf\u00e2ncia dif\u00edcil, pois ele e a sua fam\u00edlia foram for\u00e7ados a fugir do pa\u00eds devido \u00e0 guerra. Por um per\u00edodo de sua vida, Camavinga viveu num campo de [&hellip;]<\/p>\n","protected":false},"author":1,"featured_media":9526,"comment_status":"closed","ping_status":"closed","sticky":false,"template":"","format":"standard","meta":{"inline_featured_image":false,"footnotes":""},"categories":[106],"tags":[89,559,2475,1570,1681,2476],"class_list":["post-9525","post","type-post","status-publish","format-standard","has-post-thumbnail","hentry","category-koollife","tag-angola","tag-cabinda","tag-eduardo-camavinga","tag-franca","tag-futebol","tag-real-madrid"],"_links":{"self":[{"href":"https:\/\/tribunadeangola.org\/index.php?rest_route=\/wp\/v2\/posts\/9525","targetHints":{"allow":["GET"]}}],"collection":[{"href":"https:\/\/tribunadeangola.org\/index.php?rest_route=\/wp\/v2\/posts"}],"about":[{"href":"https:\/\/tribunadeangola.org\/index.php?rest_route=\/wp\/v2\/types\/post"}],"author":[{"embeddable":true,"href":"https:\/\/tribunadeangola.org\/index.php?rest_route=\/wp\/v2\/users\/1"}],"replies":[{"embeddable":true,"href":"https:\/\/tribunadeangola.org\/index.php?rest_route=%2Fwp%2Fv2%2Fcomments&post=9525"}],"version-history":[{"count":2,"href":"https:\/\/tribunadeangola.org\/index.php?rest_route=\/wp\/v2\/posts\/9525\/revisions"}],"predecessor-version":[{"id":9528,"href":"https:\/\/tribunadeangola.org\/index.php?rest_route=\/wp\/v2\/posts\/9525\/revisions\/9528"}],"wp:featuredmedia":[{"embeddable":true,"href":"https:\/\/tribunadeangola.org\/index.php?rest_route=\/wp\/v2\/media\/9526"}],"wp:attachment":[{"href":"https:\/\/tribunadeangola.org\/index.php?rest_route=%2Fwp%2Fv2%2Fmedia&parent=9525"}],"wp:term":[{"taxonomy":"category","embeddable":true,"href":"https:\/\/tribunadeangola.org\/index.php?rest_route=%2Fwp%2Fv2%2Fcategories&post=9525"},{"taxonomy":"post_tag","embeddable":true,"href":"https:\/\/tribunadeangola.org\/index.php?rest_route=%2Fwp%2Fv2%2Ftags&post=9525"}],"curies":[{"name":"wp","href":"https:\/\/api.w.org\/{rel}","templated":true}]}}