{"id":8503,"date":"2022-11-11T17:46:11","date_gmt":"2022-11-11T17:46:11","guid":{"rendered":"https:\/\/tribunadeangola.org\/?p=8503"},"modified":"2022-11-14T08:24:12","modified_gmt":"2022-11-14T08:24:12","slug":"os-atrapalhadores-irritantes","status":"publish","type":"post","link":"https:\/\/tribunadeangola.org\/?p=8503","title":{"rendered":"Os Atrapalhadores Irritantes"},"content":{"rendered":"\n<p class=\"has-drop-cap\">Deveria haver um limite para que os energ\u00famenos deixassem de protagonizar tanta escroqueria nauseabunda, s\u00e3o seres humanos que vegetam no loda\u00e7al, inquinados de \u00f3dio, e que tentam contagiar a maledic\u00eancia nos guetos em que se acotovelam. Marcolino Moco rebenta a escala da paci\u00eancia, tem uma l\u00edngua de trampa, a raiva e a vingan\u00e7a \u00e9 tanta que nada que emane do Presidente da Rep\u00fablica n\u00e3o mere\u00e7a esc\u00e1rnio e maldizer deste parasita ambulante. Agora apontou os chifres \u00e0 Lei de Amnistia proposta por Jo\u00e3o Louren\u00e7o, para ele s\u00f3 seria v\u00e1lida se livrasse os corruptos e saqueadores, at\u00e9 lhes deu nomes, demonstrando miopia em rela\u00e7\u00e3o ao alcance social, c\u00edvico e harmonioso, reconciliat\u00f3rio&nbsp;para as fam\u00edlias e para a cidadania. Tamb\u00e9m ACJ, que agora anda a reboque de qualquer ac\u00e7\u00e3o medi\u00e1tica, n\u00e3o consegue vislumbrar nada de positivo, e quando v\u00ea logo cola a ideias da UNITA. Neste dia comemorativo da Independ\u00eancia n\u00e3o dev\u00edamos regozijarmo-nos apenas com a conquista da Liberdade e Identidade nacionais, o futuro chama pela Na\u00e7\u00e3o Angolana, e s\u00f3 uma P\u00e1tria grande&nbsp;e prestigiada no mundo, pode receber na sua capital um evento da envergadura que ir\u00e1 realizar-se&nbsp;nos pr\u00f3ximos dias 9 e 10 de dezembro, Luanda, a 10\u00aa Cimeira de Chefes de Estado e de Governo da Organiza\u00e7\u00e3o dos Estados de \u00c1frica, Cara\u00edbas e Pac\u00edfico (OEACP). Um feito para a estatura internacional do pa\u00eds. Lisonjeia-nos receber t\u00e3o grandioso naipe de estadistas internacionais, deve encher-nos de orgulho ter no nosso seio tantos ilustres, basta olhar para o programa:<\/p>\n\n\n\n<p>O Secret\u00e1rio Geral da OEACP<\/p>\n\n\n\n<p>\u2013 Georges Rebelo Pinto CHIKOTIO Ex-presidente da Cimeira da OEACP<\/p>\n\n\n\n<p>-William Samoei RUTO, Presidente do Qu\u00e9nia<\/p>\n\n\n\n<p>(Passagem de testemunho da presid\u00eancia da Cimeira. O Presidente do 10\u00aa Cimeira-Jo\u00e3o Manuel Gon\u00e7alves LOUREN\u00c7O, Presidente da Rep\u00fablica de Angola-Macky SALL, Presidente da Rep\u00fablica do Senegal e Presidente da Uni\u00e3o Africana representando a regi\u00e3o africana da OEACP-Josaia Voreqe BAINIMARAMA, primeiro-ministro de Fiji e Presidente da Comunidade do Pac\u00edfico, Chefe de Estado representando a regi\u00e3o do Pac\u00edfico da OEACP-Charles MICHEL, Presidente do Conselho Europeu-Ant\u00f3nio GUETERRES, Secret\u00e1rio-Geral das Na\u00e7\u00f5es Unidas. Perante esta realidade, poderemos n\u00f3s angolanos aturar esta parasitagem que n\u00e3o se cansa de ferir a nossa auto estima, \u00e9 hora de silenciarmos com o nosso total desprezo esta parasitagem sem vergonha, e vot\u00e1-los \u00e0 indig\u00eancia. Angola ser\u00e1 sempre o que os angolanos queiram que seja, n\u00e3o a terra queimada por mercen\u00e1rios que hipotecam a alma ao diabo.<\/p>\n","protected":false},"excerpt":{"rendered":"<p>Deveria haver um limite para que os energ\u00famenos deixassem de protagonizar tanta escroqueria nauseabunda, s\u00e3o seres humanos que vegetam no loda\u00e7al, inquinados de \u00f3dio, e que tentam contagiar a maledic\u00eancia nos guetos em que se acotovelam. Marcolino Moco rebenta a escala da paci\u00eancia, tem uma l\u00edngua de trampa, a raiva e a vingan\u00e7a \u00e9 tanta [&hellip;]<\/p>\n","protected":false},"author":5,"featured_media":8504,"comment_status":"closed","ping_status":"closed","sticky":false,"template":"","format":"standard","meta":{"inline_featured_image":false,"footnotes":""},"categories":[105,21],"tags":[491,89,436,2364],"class_list":["post-8503","post","type-post","status-publish","format-standard","has-post-thumbnail","hentry","category-noticias","category-opiniao","tag-acj","tag-angola","tag-marcolino-moco","tag-oeacp"],"_links":{"self":[{"href":"https:\/\/tribunadeangola.org\/index.php?rest_route=\/wp\/v2\/posts\/8503","targetHints":{"allow":["GET"]}}],"collection":[{"href":"https:\/\/tribunadeangola.org\/index.php?rest_route=\/wp\/v2\/posts"}],"about":[{"href":"https:\/\/tribunadeangola.org\/index.php?rest_route=\/wp\/v2\/types\/post"}],"author":[{"embeddable":true,"href":"https:\/\/tribunadeangola.org\/index.php?rest_route=\/wp\/v2\/users\/5"}],"replies":[{"embeddable":true,"href":"https:\/\/tribunadeangola.org\/index.php?rest_route=%2Fwp%2Fv2%2Fcomments&post=8503"}],"version-history":[{"count":1,"href":"https:\/\/tribunadeangola.org\/index.php?rest_route=\/wp\/v2\/posts\/8503\/revisions"}],"predecessor-version":[{"id":8505,"href":"https:\/\/tribunadeangola.org\/index.php?rest_route=\/wp\/v2\/posts\/8503\/revisions\/8505"}],"wp:featuredmedia":[{"embeddable":true,"href":"https:\/\/tribunadeangola.org\/index.php?rest_route=\/wp\/v2\/media\/8504"}],"wp:attachment":[{"href":"https:\/\/tribunadeangola.org\/index.php?rest_route=%2Fwp%2Fv2%2Fmedia&parent=8503"}],"wp:term":[{"taxonomy":"category","embeddable":true,"href":"https:\/\/tribunadeangola.org\/index.php?rest_route=%2Fwp%2Fv2%2Fcategories&post=8503"},{"taxonomy":"post_tag","embeddable":true,"href":"https:\/\/tribunadeangola.org\/index.php?rest_route=%2Fwp%2Fv2%2Ftags&post=8503"}],"curies":[{"name":"wp","href":"https:\/\/api.w.org\/{rel}","templated":true}]}}