{"id":8495,"date":"2022-11-11T12:31:15","date_gmt":"2022-11-11T12:31:15","guid":{"rendered":"https:\/\/tribunadeangola.org\/?p=8495"},"modified":"2022-11-14T08:24:04","modified_gmt":"2022-11-14T08:24:04","slug":"sucesso-em-luanda","status":"publish","type":"post","link":"https:\/\/tribunadeangola.org\/?p=8495","title":{"rendered":"Sucesso em Luanda!"},"content":{"rendered":"\n<p class=\"has-drop-cap\">Nos pr\u00f3ximos dias 9 e 10 de dezembro, Luanda vai receber a 10\u00aa Cimeira de Chefes de Estado e de Governo da Organiza\u00e7\u00e3o dos Estados de \u00c1frica, Cara\u00edbas e Pac\u00edfico (OEACP). Um feito para a estatura internacional do pa\u00eds.<\/p>\n\n\n\n<p>Previamente, entre os dias 6 e 8 haver\u00e1 alguns eventos preparat\u00f3rios, uma esp\u00e9cie de \u201caperitivo\u201d com v\u00e1rios tipos de actividades subordinadas a v\u00e1rias tem\u00e1ticas. No dia 6, come\u00e7ar\u00e3o os trabalhos com as jornadas empresariais, onde se inclui um evento de intera\u00e7\u00e3o do Banco Mundial, bem como uma anima\u00e7\u00e3o cultural promovida por Angola. No dia seguinte, ser\u00e3o desenvolvidos v\u00e1rios eventos paralelos, associados aos F\u00f3runs da Juventude, Mulheres e da Di\u00e1spora, e mais uma vez, ter\u00e3o lugar as Jornadas Empresariais da OEACP com o tema \u201cPromover a competitividade das PME&#8217;s da OEACP no mercado mundial\u201d. J\u00e1 o dia 8 contar\u00e1 com v\u00e1rias reuni\u00f5es da pr\u00e9-cimeira da OEACP. No per\u00edodo da manh\u00e3, ser\u00e1 a Reuni\u00e3o preparat\u00f3ria do Conselho de Ministros da OEACP. \u00c0 tarde, a Reuni\u00e3o dos Chefes das Organiza\u00e7\u00f5es Inter-Regionais OEACP Comit\u00e9 de Coordena\u00e7\u00e3o (IROCC), e a partir das 18 horas, o Di\u00e1logo de Alto N\u00edvel da OEACP sobre o Sector Privado.<\/p>\n\n\n\n<p>O primeiro dia da Cimeira iniciar\u00e1 com a tradicional fotografia de grupo, que contar\u00e1 com a presen\u00e7a dos chefes de delega\u00e7\u00e3o. Presentes:<\/p>\n\n\n\n<p>O Secret\u00e1rio Geral da OEACP<br>&#8211; Georges Rebelo Pinto CHIKOTI  <\/p>\n\n\n\n<p>O Ex-presidente da Cimeira da OEACP<br>-William Samoei RUTO, Presidente do Qu\u00e9nia<br>(Passagem de testemunho da presid\u00eancia da Cimeira<\/p>\n\n\n\n<p>O Presidente do 10\u00aa Cimeira <\/p>\n\n\n\n<p>-Jo\u00e3o Manuel Gon\u00e7alves LOUREN\u00c7O, Presidente da Rep\u00fablica de Angola<\/p>\n\n\n\n<p>-Macky SALL, Presidente da Rep\u00fablica do Senegal e Presidente da Uni\u00e3o Africana representando a regi\u00e3o africana da OEACP<\/p>\n\n\n\n<p>-Josaia Voreqe BAINIMARAMA, primeiro-ministro de Fiji e Presidente da Comunidade do Pac\u00edfico, Chefe de Estado representando a regi\u00e3o do Pac\u00edfico da OEACP<\/p>\n\n\n\n<p>-Charles MICHEL, Presidente do Conselho Europeu<\/p>\n\n\n\n<p>-Ant\u00f3nio GUETERRES, Secret\u00e1rio-Geral das Na\u00e7\u00f5es Unidas<br><\/p>\n\n\n\n<p>\u00c0 tarde, foi reservado espa\u00e7o para v\u00e1rios debates e discuss\u00f5es, com o intuito de promover o di\u00e1logo com parceiros estrat\u00e9gicos. Haver\u00e1 tamb\u00e9m lugar no Hotel Epic Sana o F\u00f3rum das Primeira Damas, cujo tema ser\u00e1 \u201cOs Direitos da Mulher e Igualdade de G\u00e9nero, como factor necess\u00e1rio de desenvolvimento das sociedades &#8211; Foco no Tr\u00e1fego Sexual e Humano\u201d.<\/p>\n\n\n\n<p>A partir das 16 horas, v\u00e3o ser tomadas as Delibera\u00e7\u00f5es da Cimeira, e ser\u00e1 feito o Debate Geral do Tema Central \u201c3 Continentes, 3 Oceanos, 1 Destino Comum: Construindo uma OEACP Resiliente e Sustent\u00e1vel\u201d.<br>No derradeiro dia, ser\u00e1 analisada a Situa\u00e7\u00e3o da implementa\u00e7\u00e3o do Acordo de Georgetown Revisto [ACP\/28\/024\/22], a Aprecia\u00e7\u00e3o e adop\u00e7\u00e3o do Projeto de Declara\u00e7\u00e3o [ACP\/28\/023\/22], e por \u00faltimo vai ser anunciada a data e local da 11\u00aa Cimeira de Chefes de Estado e de Governo da OEACP.<br>A cerim\u00f3nia de encerramento  vai terminar com o discurso do Presidente da Rep\u00fablica Jo\u00e3o Louren\u00e7o, que \u00e9 tamb\u00e9m o Presidente da 10\u00aa Cimeira de Chefes de Estado e de Governo da OEACP.<\/p>\n\n\n\n<p>A OEACP, anteriormente conhecida como o Grupo de Estados de \u00c1frica, Cara\u00edbas e Pac\u00edfico (ACP), \u00e9 uma organiza\u00e7\u00e3o criada pelo Acordo de Georgetown em 1975.<br>\u00c9 composta por 79 Estados de \u00c1frica, Cara\u00edbas e Pac\u00edfico, com todos eles, excepto Cuba, signat\u00e1rios do Acordo de Cotonou, tamb\u00e9m conhecido como o &#8220;Acordo de Parceria ACP-CE&#8221;, que os vincula \u00e0 Uni\u00e3o Europeia. Existem 48 pa\u00edses da \u00c1frica Subsariana, 16 das Cara\u00edbas e 15 do Pac\u00edfico.<br>Angola \u00e9 o pa\u00eds anfitri\u00e3o desta 10\u00aa Cimeira, uma vez que vai assumir a presid\u00eancia da Organiza\u00e7\u00e3o por um per\u00edodo de 3 anos.<\/p>\n\n\n\n<p>\u00c9 uma ocasi\u00e3o \u00fanica de projec\u00e7\u00e3o de Angola no mundo.<\/p>\n","protected":false},"excerpt":{"rendered":"<p>Nos pr\u00f3ximos dias 9 e 10 de dezembro, Luanda vai receber a 10\u00aa Cimeira de Chefes de Estado e de Governo da Organiza\u00e7\u00e3o dos Estados de \u00c1frica, Cara\u00edbas e Pac\u00edfico (OEACP). Um feito para a estatura internacional do pa\u00eds. Previamente, entre os dias 6 e 8 haver\u00e1 alguns eventos preparat\u00f3rios, uma esp\u00e9cie de \u201caperitivo\u201d com [&hellip;]<\/p>\n","protected":false},"author":1,"featured_media":8502,"comment_status":"closed","ping_status":"closed","sticky":false,"template":"","format":"standard","meta":{"inline_featured_image":false,"footnotes":""},"categories":[105,21],"tags":[162,89,33,399,2364],"class_list":["post-8495","post","type-post","status-publish","format-standard","has-post-thumbnail","hentry","category-noticias","category-opiniao","tag-africa","tag-angola","tag-joao-lourenco","tag-luanda","tag-oeacp"],"_links":{"self":[{"href":"https:\/\/tribunadeangola.org\/index.php?rest_route=\/wp\/v2\/posts\/8495","targetHints":{"allow":["GET"]}}],"collection":[{"href":"https:\/\/tribunadeangola.org\/index.php?rest_route=\/wp\/v2\/posts"}],"about":[{"href":"https:\/\/tribunadeangola.org\/index.php?rest_route=\/wp\/v2\/types\/post"}],"author":[{"embeddable":true,"href":"https:\/\/tribunadeangola.org\/index.php?rest_route=\/wp\/v2\/users\/1"}],"replies":[{"embeddable":true,"href":"https:\/\/tribunadeangola.org\/index.php?rest_route=%2Fwp%2Fv2%2Fcomments&post=8495"}],"version-history":[{"count":3,"href":"https:\/\/tribunadeangola.org\/index.php?rest_route=\/wp\/v2\/posts\/8495\/revisions"}],"predecessor-version":[{"id":8501,"href":"https:\/\/tribunadeangola.org\/index.php?rest_route=\/wp\/v2\/posts\/8495\/revisions\/8501"}],"wp:featuredmedia":[{"embeddable":true,"href":"https:\/\/tribunadeangola.org\/index.php?rest_route=\/wp\/v2\/media\/8502"}],"wp:attachment":[{"href":"https:\/\/tribunadeangola.org\/index.php?rest_route=%2Fwp%2Fv2%2Fmedia&parent=8495"}],"wp:term":[{"taxonomy":"category","embeddable":true,"href":"https:\/\/tribunadeangola.org\/index.php?rest_route=%2Fwp%2Fv2%2Fcategories&post=8495"},{"taxonomy":"post_tag","embeddable":true,"href":"https:\/\/tribunadeangola.org\/index.php?rest_route=%2Fwp%2Fv2%2Ftags&post=8495"}],"curies":[{"name":"wp","href":"https:\/\/api.w.org\/{rel}","templated":true}]}}