{"id":8491,"date":"2022-11-11T08:36:42","date_gmt":"2022-11-11T08:36:42","guid":{"rendered":"https:\/\/tribunadeangola.org\/?p=8491"},"modified":"2022-11-12T17:22:14","modified_gmt":"2022-11-12T17:22:14","slug":"descolagem","status":"publish","type":"post","link":"https:\/\/tribunadeangola.org\/?p=8491","title":{"rendered":"Descolagem"},"content":{"rendered":"\n<p class=\"has-drop-cap\">Quando se comemoram 47 anos da nossa Independ\u00eancia, em profunda reflex\u00e3o constatamos todos os sinais, positivos e negativos, que incorporam a nossa cidadania. Entre a festa e a dor temos um sem n\u00famero de viv\u00eancias e aprendizagens que nos satisfazem, mas, tamb\u00e9m, factos que nos entristecem e que nestas datas devemos, pessoal e colectivamente, n\u00e3o ignorar para que n\u00e3o se repitam. <\/p>\n\n\n\n<p>Angola tem cada vez mais definida a sua identidade, o Presidente da Rep\u00fablica Jo\u00e3o Louren\u00e7o, emprestou no seu consulado, prest\u00edgio, seguran\u00e7a, estabilidade e perseveran\u00e7a, e a agenda nacional e internacional espelha essa realidade onde emerge o nosso orgulho.<br>Temos um Estado de Direito democr\u00e1tico, institui\u00e7\u00f5es cada vez mais credibilizadas onde assentam o desenvolvimento direitos, liberdades e garantias dos cidad\u00e3os, e sobretudo uma estabilidade que propicia uma harmoniza\u00e7\u00e3o desenvolvimentista pr\u00f3pria das sociedades modernas. <\/p>\n\n\n\n<p>No Estado e seus agentes temos uma representatividade\u00a0em todos os F\u00f3runs internacionais, no desporto masculino, feminino e para deficientes somamos \u00eaxitos, na cultura nunca Angola conquistou tanto espa\u00e7o na m\u00fasica, arte, moda, e na ci\u00eancia abrem-se\u00a0portas ainda h\u00e1 bem pouco tempo inimagin\u00e1veis. <\/p>\n\n\n\n<p>Infelizmente temos, ainda, tamb\u00e9m, muita gente perdida no tempo, inadaptados, v\u00edcios malignos instalados cuja debela\u00e7\u00e3o\u00a0provoca dor e\u00a0desencontros e exige perene vigil\u00e2ncia.<br>\u00c9 o caso irritante da capoeira do SOVISMO\u00a0que alberga um l\u00edder ACJ, um tirano arreigado\u00a0a um neocolonialismo bacoco e subversivo, e que atraiu na sua senda de \u00f3dio a Jo\u00e3o Louren\u00e7o, a seita fraudulenta e corrupta dos marimbondos a contas com a Justi\u00e7a, por saque do er\u00e1rio p\u00fablico.<br>Ali\u00e1s, politicamente, e por cada vez mais evidente a falta de recursos intelectuais e pol\u00edticos, assistimos ao arrastamento de um cansativo e repetitivo discurso de arrua\u00e7a, sempre com posicionamentos\u00a0ocos e lineares\u00a0junto da justi\u00e7a e com argumento\u00a0constitucional, em busca de vitimiza\u00e7\u00e3o medi\u00e1tica\u00a0que se sobreponha \u00e0 falta de raz\u00e3o. <\/p>\n\n\n\n<p>Na travessia do deserto, ACJ voltou a terreiro sobre o descaso da vice-presidente da Assembleia Nacional, algo regimental\u00a0a esgrimir no seio do Parlamento, onde h\u00e1 uma Maioria Absoluta.\u00a0Enfim, de resto, e como \u00e9 h\u00e1bito, n\u00e3o se vislumbra um gesto na Oposi\u00e7\u00e3o capaz de reconhecer a governa\u00e7\u00e3o, por isso n\u00e3o deve assistir a esta matilha vontade de festejar mais um ano da nossa Emancipa\u00e7\u00e3o enquanto Povo Soberano e Independente.<br>Viva Angola!!!<\/p>\n\n\n\n<p><\/p>\n","protected":false},"excerpt":{"rendered":"<p>Quando se comemoram 47 anos da nossa Independ\u00eancia, em profunda reflex\u00e3o constatamos todos os sinais, positivos e negativos, que incorporam a nossa cidadania. Entre a festa e a dor temos um sem n\u00famero de viv\u00eancias e aprendizagens que nos satisfazem, mas, tamb\u00e9m, factos que nos entristecem e que nestas datas devemos, pessoal e colectivamente, n\u00e3o [&hellip;]<\/p>\n","protected":false},"author":5,"featured_media":8492,"comment_status":"closed","ping_status":"closed","sticky":false,"template":"","format":"standard","meta":{"inline_featured_image":false,"footnotes":""},"categories":[105,21],"tags":[491,89,611,33,145,1235,25],"class_list":["post-8491","post","type-post","status-publish","format-standard","has-post-thumbnail","hentry","category-noticias","category-opiniao","tag-acj","tag-angola","tag-independencia","tag-joao-lourenco","tag-presidente-da-republica","tag-sovismo","tag-unita"],"_links":{"self":[{"href":"https:\/\/tribunadeangola.org\/index.php?rest_route=\/wp\/v2\/posts\/8491","targetHints":{"allow":["GET"]}}],"collection":[{"href":"https:\/\/tribunadeangola.org\/index.php?rest_route=\/wp\/v2\/posts"}],"about":[{"href":"https:\/\/tribunadeangola.org\/index.php?rest_route=\/wp\/v2\/types\/post"}],"author":[{"embeddable":true,"href":"https:\/\/tribunadeangola.org\/index.php?rest_route=\/wp\/v2\/users\/5"}],"replies":[{"embeddable":true,"href":"https:\/\/tribunadeangola.org\/index.php?rest_route=%2Fwp%2Fv2%2Fcomments&post=8491"}],"version-history":[{"count":1,"href":"https:\/\/tribunadeangola.org\/index.php?rest_route=\/wp\/v2\/posts\/8491\/revisions"}],"predecessor-version":[{"id":8493,"href":"https:\/\/tribunadeangola.org\/index.php?rest_route=\/wp\/v2\/posts\/8491\/revisions\/8493"}],"wp:featuredmedia":[{"embeddable":true,"href":"https:\/\/tribunadeangola.org\/index.php?rest_route=\/wp\/v2\/media\/8492"}],"wp:attachment":[{"href":"https:\/\/tribunadeangola.org\/index.php?rest_route=%2Fwp%2Fv2%2Fmedia&parent=8491"}],"wp:term":[{"taxonomy":"category","embeddable":true,"href":"https:\/\/tribunadeangola.org\/index.php?rest_route=%2Fwp%2Fv2%2Fcategories&post=8491"},{"taxonomy":"post_tag","embeddable":true,"href":"https:\/\/tribunadeangola.org\/index.php?rest_route=%2Fwp%2Fv2%2Ftags&post=8491"}],"curies":[{"name":"wp","href":"https:\/\/api.w.org\/{rel}","templated":true}]}}