{"id":8395,"date":"2022-10-27T10:26:56","date_gmt":"2022-10-27T09:26:56","guid":{"rendered":"https:\/\/tribunadeangola.org\/?p=8395"},"modified":"2022-11-03T09:35:58","modified_gmt":"2022-11-03T09:35:58","slug":"ate-quando-2","status":"publish","type":"post","link":"https:\/\/tribunadeangola.org\/?p=8395","title":{"rendered":"At\u00e9 quando?"},"content":{"rendered":"\n<p class=\"has-drop-cap\">Isabel dos Santos respondeu com esta pergunta \u00e0 nacionaliza\u00e7\u00e3o, ontem, da sua participa\u00e7\u00e3o na Unitel, a par daquela do protegido do seu pai, o general Dino, bem como a participa\u00e7\u00e3o deste grupo nas minas de diamantes da Catoca.<\/p>\n\n\n\n<p>A pergunta est\u00e1 correcta, mas ao contr\u00e1rio. A inefic\u00e1cia da PGR aliada \u00e0 lentid\u00e3o da justi\u00e7a tornaram- se as grandes aliadas de Isabel e dos outros, permitindo- lhes desenvolver uma guerrilha constante contra o leg\u00edtimo governo de Angola e tentando confundir os esp\u00edritos fracos anunciando que o combate \u00e0 corrup\u00e7\u00e3o tinha acabado. J\u00e1 se falava em acordos, retornos e alternativas para a presid\u00eancia do MPLA. <\/p>\n\n\n\n<p>O Presidente da Rep\u00fablica deu um murro na mesa e resolveu o problema, de acordo com a Constitui\u00e7\u00e3o e a Lei. Era preciso terminar com este regabofe judici\u00e1rio que estava a tomar aspecto de nova impunidade.<\/p>\n\n\n\n<p>A for\u00e7a do Estado, dentro da lei, \u00e9 para ser usada. Ali\u00e1s, em Portugal, a prop\u00f3sito da Efacec, o governo socialista fez o mesmo quando viu que a confus\u00e3o se agigantava, e amea\u00e7ou repetir a actua\u00e7\u00e3o no caso do Eurobic. Por isso, Angola tem toda a legitimidade para agir como agiu. E o Presidente deve ser aplaudido por ter, com coragem, resolvido mais um problema.<\/p>\n","protected":false},"excerpt":{"rendered":"<p>Isabel dos Santos respondeu com esta pergunta \u00e0 nacionaliza\u00e7\u00e3o, ontem, da sua participa\u00e7\u00e3o na Unitel, a par daquela do protegido do seu pai, o general Dino, bem como a participa\u00e7\u00e3o deste grupo nas minas de diamantes da Catoca. A pergunta est\u00e1 correcta, mas ao contr\u00e1rio. A inefic\u00e1cia da PGR aliada \u00e0 lentid\u00e3o da justi\u00e7a tornaram- [&hellip;]<\/p>\n","protected":false},"author":1,"featured_media":8235,"comment_status":"closed","ping_status":"closed","sticky":false,"template":"","format":"standard","meta":{"inline_featured_image":false,"footnotes":""},"categories":[105,21],"tags":[89,39,32,145],"class_list":["post-8395","post","type-post","status-publish","format-standard","has-post-thumbnail","hentry","category-noticias","category-opiniao","tag-angola","tag-isabel-dos-santos","tag-pgr","tag-presidente-da-republica"],"_links":{"self":[{"href":"https:\/\/tribunadeangola.org\/index.php?rest_route=\/wp\/v2\/posts\/8395","targetHints":{"allow":["GET"]}}],"collection":[{"href":"https:\/\/tribunadeangola.org\/index.php?rest_route=\/wp\/v2\/posts"}],"about":[{"href":"https:\/\/tribunadeangola.org\/index.php?rest_route=\/wp\/v2\/types\/post"}],"author":[{"embeddable":true,"href":"https:\/\/tribunadeangola.org\/index.php?rest_route=\/wp\/v2\/users\/1"}],"replies":[{"embeddable":true,"href":"https:\/\/tribunadeangola.org\/index.php?rest_route=%2Fwp%2Fv2%2Fcomments&post=8395"}],"version-history":[{"count":1,"href":"https:\/\/tribunadeangola.org\/index.php?rest_route=\/wp\/v2\/posts\/8395\/revisions"}],"predecessor-version":[{"id":8396,"href":"https:\/\/tribunadeangola.org\/index.php?rest_route=\/wp\/v2\/posts\/8395\/revisions\/8396"}],"wp:featuredmedia":[{"embeddable":true,"href":"https:\/\/tribunadeangola.org\/index.php?rest_route=\/wp\/v2\/media\/8235"}],"wp:attachment":[{"href":"https:\/\/tribunadeangola.org\/index.php?rest_route=%2Fwp%2Fv2%2Fmedia&parent=8395"}],"wp:term":[{"taxonomy":"category","embeddable":true,"href":"https:\/\/tribunadeangola.org\/index.php?rest_route=%2Fwp%2Fv2%2Fcategories&post=8395"},{"taxonomy":"post_tag","embeddable":true,"href":"https:\/\/tribunadeangola.org\/index.php?rest_route=%2Fwp%2Fv2%2Ftags&post=8395"}],"curies":[{"name":"wp","href":"https:\/\/api.w.org\/{rel}","templated":true}]}}