{"id":8328,"date":"2022-10-16T10:14:54","date_gmt":"2022-10-16T09:14:54","guid":{"rendered":"https:\/\/tribunadeangola.org\/?p=8328"},"modified":"2022-10-20T11:41:31","modified_gmt":"2022-10-20T10:41:31","slug":"o-discurso","status":"publish","type":"post","link":"https:\/\/tribunadeangola.org\/?p=8328","title":{"rendered":"O discurso"},"content":{"rendered":"\n<p class=\"has-drop-cap\">Como sempre confundem o acess\u00f3rio com o principal. Apressados, os cr\u00edticos nem ouviram o discurso e come\u00e7aram a dizer mal, foi uma lista estat\u00edstica, n\u00e3o anunciou as autarquias. E por a\u00ed se fixou a cr\u00edtica.<\/p>\n\n\n\n<p>N\u00e3o viram o essencial. O an\u00fancio de um plano nacional de emprego, t\u00e3o preciso e necess\u00e1rio para o pa\u00eds. Talvez o ponto mais importante do discurso. O centro das aten\u00e7\u00f5es das pol\u00edticas p\u00fablicas no bem-estar da popula\u00e7\u00e3o. Finalmente, depois de anos santistas em que o centro das aten\u00e7\u00f5es foi o enriquecimento il\u00edcito de um pequeno grupo de oligarcas, temos um Presidente que se preocupa com o povo. <\/p>\n\n\n\n<p>Estes foram os aspectos fundamentais do discurso e vis\u00e3o presidencial: a aposta no bem-estar da popula\u00e7\u00e3o e a cria\u00e7\u00e3o de um plano de emprego. <\/p>\n\n\n\n<p>Tudo isto passou ao lado duma oposi\u00e7\u00e3o ( e a quem a imprensa estrangeira e alinhada nacional faz o frete) obcecada com as autarquias. <\/p>\n\n\n\n<p>As autarquias ser\u00e3o um passo importante numa democratiza\u00e7\u00e3o cautelosa do pa\u00eds, mas n\u00e3o podem colocar em causa a sua inviolabilidade nem integridade territorial (como algumas grandes autarquias colocaram em Espanha e no Reino Unido). E tamb\u00e9m n\u00e3o podem servir como fragmenta\u00e7\u00e3o do poder ou cria\u00e7\u00e3o de contrapoderes paralisantes. <\/p>\n\n\n\n<p>A hist\u00f3ria das autarquias por esse mundo fora n\u00e3o \u00e9 de sucesso assegurado. \u00c9 uma hist\u00f3ria, muitas vezes, de &#8220;buraco financeiro&#8221;, corrup\u00e7\u00e3o e entrave ao desenvolvimento. Uma hist\u00f3ria de desperd\u00edcio de dinheiro, contrata\u00e7\u00e3o das comadres, nepotismo e corrup\u00e7\u00e3o.<\/p>\n\n\n\n<p>S\u00f3 uma adop\u00e7\u00e3o inteligente e flex\u00edvel das autarquias poder\u00e1 trazer sucesso, caso contr\u00e1rio, ser\u00e1 sin\u00f3nimo de mais confus\u00e3o e desperd\u00edcio. O projecto aut\u00e1rquico tem de ser integrador das for\u00e7as vivas e tradicionais do pa\u00eds e propulsor da sua integra\u00e7\u00e3o, n\u00e3o um patamar de poder revolucion\u00e1rio da oposi\u00e7\u00e3o.<\/p>\n\n\n\n<p>Quanto \u00e0s estat\u00edsticas, estas s\u00e3o importantes para se perceber o que tem sido feito. Num tempo em que a propaganda destrutiva alimenta as mentes, \u00e9 fundamental real\u00e7ar o muito que se tem alcan\u00e7ado. \u00c9 evidente que em vez de discursos, prefer\u00edamos ver filmes e revistas coloridas com essas obras e feitos. Mas enquanto n\u00e3o os h\u00e1, \u00e9 importante ouvir da boca do Presidente da Rep\u00fablica o que se tem alcan\u00e7ado. <\/p>\n\n\n\n<p>Pelo seu conte\u00fado, este discurso merece uma an\u00e1lise mais profunda, e , sobretudo, anuncia que o Presidente da Rep\u00fablica est\u00e1 a trabalhar para o povo e n\u00e3o para a imprensa estrangeira e os robots das redes sociais.<\/p>\n","protected":false},"excerpt":{"rendered":"<p>Como sempre confundem o acess\u00f3rio com o principal. Apressados, os cr\u00edticos nem ouviram o discurso e come\u00e7aram a dizer mal, foi uma lista estat\u00edstica, n\u00e3o anunciou as autarquias. E por a\u00ed se fixou a cr\u00edtica. N\u00e3o viram o essencial. O an\u00fancio de um plano nacional de emprego, t\u00e3o preciso e necess\u00e1rio para o pa\u00eds. Talvez [&hellip;]<\/p>\n","protected":false},"author":1,"featured_media":8334,"comment_status":"closed","ping_status":"closed","sticky":false,"template":"","format":"standard","meta":{"inline_featured_image":false,"footnotes":""},"categories":[105,21],"tags":[1202],"class_list":["post-8328","post","type-post","status-publish","format-standard","has-post-thumbnail","hentry","category-noticias","category-opiniao","tag-estado-da-nacao"],"_links":{"self":[{"href":"https:\/\/tribunadeangola.org\/index.php?rest_route=\/wp\/v2\/posts\/8328","targetHints":{"allow":["GET"]}}],"collection":[{"href":"https:\/\/tribunadeangola.org\/index.php?rest_route=\/wp\/v2\/posts"}],"about":[{"href":"https:\/\/tribunadeangola.org\/index.php?rest_route=\/wp\/v2\/types\/post"}],"author":[{"embeddable":true,"href":"https:\/\/tribunadeangola.org\/index.php?rest_route=\/wp\/v2\/users\/1"}],"replies":[{"embeddable":true,"href":"https:\/\/tribunadeangola.org\/index.php?rest_route=%2Fwp%2Fv2%2Fcomments&post=8328"}],"version-history":[{"count":2,"href":"https:\/\/tribunadeangola.org\/index.php?rest_route=\/wp\/v2\/posts\/8328\/revisions"}],"predecessor-version":[{"id":8333,"href":"https:\/\/tribunadeangola.org\/index.php?rest_route=\/wp\/v2\/posts\/8328\/revisions\/8333"}],"wp:featuredmedia":[{"embeddable":true,"href":"https:\/\/tribunadeangola.org\/index.php?rest_route=\/wp\/v2\/media\/8334"}],"wp:attachment":[{"href":"https:\/\/tribunadeangola.org\/index.php?rest_route=%2Fwp%2Fv2%2Fmedia&parent=8328"}],"wp:term":[{"taxonomy":"category","embeddable":true,"href":"https:\/\/tribunadeangola.org\/index.php?rest_route=%2Fwp%2Fv2%2Fcategories&post=8328"},{"taxonomy":"post_tag","embeddable":true,"href":"https:\/\/tribunadeangola.org\/index.php?rest_route=%2Fwp%2Fv2%2Ftags&post=8328"}],"curies":[{"name":"wp","href":"https:\/\/api.w.org\/{rel}","templated":true}]}}