{"id":8008,"date":"2022-09-12T09:09:38","date_gmt":"2022-09-12T08:09:38","guid":{"rendered":"https:\/\/tribunadeangola.org\/?p=8008"},"modified":"2022-09-15T07:58:08","modified_gmt":"2022-09-15T06:58:08","slug":"parabens-presidente","status":"publish","type":"post","link":"https:\/\/tribunadeangola.org\/?p=8008","title":{"rendered":"Parab\u00e9ns Presidente"},"content":{"rendered":"\n<p class=\"has-drop-cap\">N\u00e3o \u00e9, n\u00e3o foi coisa pouca, \u00e9 necess\u00e1rio o estoicismo de um guerreiro e a serenidade de um diplomata, sem alimentar pol\u00e9micas nem vacilar na integridade do Estado, para silenciar os cr\u00f3nicos agitadores, e dissipar d\u00favidas intentadas na soberania nacional.<\/p>\n\n\n\n<p>O caminho \u00e9 longo, no trilho v\u00e3o estar os agitadores e arruaceiros, s\u00e3o assim, n\u00e3o mudam, mas est\u00e3o cada vez mais desmascarados pela sabedoria do Povo, que n\u00e3o abre m\u00e3o da liberdade. Do fundamentalismo religioso \u00e0 instabilidade pol\u00edtica, cresce a rejei\u00e7\u00e3o, incha a repulsa, e indiferen\u00e7a&nbsp;interna gera desacredita\u00e7\u00e3o externa.<\/p>\n\n\n\n<p>A UNITA\/FPU e ACJ\/Chivukuvuku, conjunturalmente, por diversos factores que se conjugaram, ao cume de uma montanha de areia, com a tempestade dissipou-se e sobrou o rochedo do MPLA, estruturalmente o Galo Negro jamais voltar\u00e1 a ter a mesma vota\u00e7\u00e3o, nem Luanda ser\u00e1 igual daqui a 5 anos.<\/p>\n\n\n\n<p>A narrativa falhada e demag\u00f3gica de ACJ colidiu com a capacidade&nbsp;de Estado de Jo\u00e3o Louren\u00e7o, mesmo com todas as contrariedades j\u00e1 escalpelizadas, proporcionou um funeral digno a Jonas Savimbi, organizou um funeral de Estado a Jos\u00e9 Eduardo dos Santos, e nunca adiou a governa\u00e7\u00e3o colocando Angola do topo de \u00c1frica e do Mundo.<\/p>\n\n\n\n<p>O Passaporte Angolano entrou nos 90 mais valiosos do Mundo, \u00e9 uma conquista que passa pela credibilidade, estabilidade, seguran\u00e7a, e valoriza\u00e7\u00e3o da cidadania.<\/p>\n\n\n\n<p>Angola conseguiu resolver com a Boeing um diferendo que se arrastava h\u00e1 muitos anos, e v\u00eam a\u00ed mais avi\u00f5es para liga\u00e7\u00f5es a\u00e9reas internas e externas.<\/p>\n\n\n\n<p>S\u00f3 na prov\u00edncia do Huambo h\u00e1&nbsp;dispon\u00edvel, no global, mais de tr\u00eas mil toneladas de sementes de milho, soja, feij\u00e3o, que j\u00e1 est\u00e3o a ser distribu\u00eddos em todos os munic\u00edpios.<\/p>\n\n\n\n<p>A privatiza\u00e7\u00e3o da Banca est\u00e1 a ser um sucesso na BODIVA, respeitando regras do mercado, passando a propriedade do Estado para os cidad\u00e3os e funcion\u00e1rios do pr\u00f3prio banco.<\/p>\n\n\n\n<p>Na transi\u00e7\u00e3o digital h\u00e1 cada vez mais energia produzida pelas centrais fotovoltaicas, sendo o sol a fonte energ\u00e9tica.<\/p>\n\n\n\n<p>A partir do dia 15 de Setembro, dia da investidura de Jo\u00e3o Louren\u00e7o, haver\u00e1 um al\u00edvio dos investidores internacionais que anseiam por Angola, s\u00e3o milhares de empregos qualificados, com forma\u00e7\u00e3o profissional, de centenas&nbsp;de empresas que espreitam uma oportunidade na juventude angolana.<\/p>\n\n\n\n<p>\u00c9 hora de dizer Basta aos agitadores.<\/p>\n\n\n\n<p>\u00c9 o momento de dizer Chega ao aventureirismo.<\/p>\n\n\n\n<p>Angola n\u00e3o pode esperar.<\/p>\n","protected":false},"excerpt":{"rendered":"<p>N\u00e3o \u00e9, n\u00e3o foi coisa pouca, \u00e9 necess\u00e1rio o estoicismo de um guerreiro e a serenidade de um diplomata, sem alimentar pol\u00e9micas nem vacilar na integridade do Estado, para silenciar os cr\u00f3nicos agitadores, e dissipar d\u00favidas intentadas na soberania nacional. O caminho \u00e9 longo, no trilho v\u00e3o estar os agitadores e arruaceiros, s\u00e3o assim, n\u00e3o [&hellip;]<\/p>\n","protected":false},"author":5,"featured_media":8011,"comment_status":"closed","ping_status":"closed","sticky":false,"template":"","format":"standard","meta":{"inline_featured_image":false,"footnotes":""},"categories":[105,21],"tags":[491,89,24,33,121,305,145],"class_list":["post-8008","post","type-post","status-publish","format-standard","has-post-thumbnail","hentry","category-noticias","category-opiniao","tag-acj","tag-angola","tag-galo-negro","tag-joao-lourenco","tag-mpla","tag-povo","tag-presidente-da-republica"],"_links":{"self":[{"href":"https:\/\/tribunadeangola.org\/index.php?rest_route=\/wp\/v2\/posts\/8008","targetHints":{"allow":["GET"]}}],"collection":[{"href":"https:\/\/tribunadeangola.org\/index.php?rest_route=\/wp\/v2\/posts"}],"about":[{"href":"https:\/\/tribunadeangola.org\/index.php?rest_route=\/wp\/v2\/types\/post"}],"author":[{"embeddable":true,"href":"https:\/\/tribunadeangola.org\/index.php?rest_route=\/wp\/v2\/users\/5"}],"replies":[{"embeddable":true,"href":"https:\/\/tribunadeangola.org\/index.php?rest_route=%2Fwp%2Fv2%2Fcomments&post=8008"}],"version-history":[{"count":1,"href":"https:\/\/tribunadeangola.org\/index.php?rest_route=\/wp\/v2\/posts\/8008\/revisions"}],"predecessor-version":[{"id":8010,"href":"https:\/\/tribunadeangola.org\/index.php?rest_route=\/wp\/v2\/posts\/8008\/revisions\/8010"}],"wp:featuredmedia":[{"embeddable":true,"href":"https:\/\/tribunadeangola.org\/index.php?rest_route=\/wp\/v2\/media\/8011"}],"wp:attachment":[{"href":"https:\/\/tribunadeangola.org\/index.php?rest_route=%2Fwp%2Fv2%2Fmedia&parent=8008"}],"wp:term":[{"taxonomy":"category","embeddable":true,"href":"https:\/\/tribunadeangola.org\/index.php?rest_route=%2Fwp%2Fv2%2Fcategories&post=8008"},{"taxonomy":"post_tag","embeddable":true,"href":"https:\/\/tribunadeangola.org\/index.php?rest_route=%2Fwp%2Fv2%2Ftags&post=8008"}],"curies":[{"name":"wp","href":"https:\/\/api.w.org\/{rel}","templated":true}]}}