{"id":7948,"date":"2022-09-06T21:12:42","date_gmt":"2022-09-06T20:12:42","guid":{"rendered":"https:\/\/tribunadeangola.org\/?p=7948"},"modified":"2022-09-08T12:20:58","modified_gmt":"2022-09-08T11:20:58","slug":"mais-nuvens-negras-na-tempestade","status":"publish","type":"post","link":"https:\/\/tribunadeangola.org\/?p=7948","title":{"rendered":"Mais nuvens negras na tempestade"},"content":{"rendered":"\n<p class=\"has-drop-cap\">N\u00e3o se pode dizer que s\u00e3o portas que se fecham porque nunca se abriram, s\u00f3 porque a esquizofrenia e credibilidade vol\u00e1til dos abutres sobrevoam ninhos subversivos, em busca de lan\u00e7as envenenadas para traumatizar os angolanos.<\/p>\n\n\n\n<p>Paula Roque procurou na Cidade do Cabo na \u00c1frica do Sul, um escrit\u00f3rio de advogados especializados em Direito Internacional, para apresentar na Uni\u00e3o Africana em Addis Abeba, na Eti\u00f3pia, uma queixa contra o Governo de Angola e a CNE, por fraude nas elei\u00e7\u00f5es disputadas em 24 de Agosto, com um escrut\u00ednio paralelo que d\u00e1 vit\u00f3ria a ACJ.<\/p>\n\n\n\n<p>N\u00e3o existe nenhuma jurisprud\u00eancia nem departamento competente na UA para dar acolhimento a tal iniciativa, a pr\u00f3pria Organiza\u00e7\u00e3o rege-se pela Carta das Na\u00e7\u00f5es Unidas e obedece ao Tribunal Internacional de Haia. No seu historial h\u00e1 San\u00e7\u00f5es aplicadas na Inst\u00e2ncia Suprema, a Confer\u00eancia em plen\u00e1rio de Chefes de Estado e de Governo de toda a \u00c1frica, que apenas administrativamente endossa para a Comiss\u00e3o de Media\u00e7\u00e3o, de Concilia\u00e7\u00e3o e de Arbitragem, entre Estados.<\/p>\n\n\n\n<p>Vejamos os exemplos:<\/p>\n\n\n\n<p>Ao todo, a Uni\u00e3o Africana possui 54 membros, cobrindo todo o continente africano.<\/p>\n\n\n\n<p>Marrocos retirou-se da organiza\u00e7\u00e3o porque a Rep\u00fablica \u00c1rabe Saaraui Democr\u00e1tica (Saara Ocidental) foi aceita como membro, no entanto, em 20 de janeiro de 2017, a UA o admitiu como um estado membro.<\/p>\n\n\n\n<p>Mali foi suspenso da Uni\u00e3o Africana em 19 de agosto de 2020 ap\u00f3s um golpe militar. Em 9 de outubro, o Conselho de Paz e Seguran\u00e7a da Uni\u00e3o Africana levantou a suspens\u00e3o imposta ao Mali de todas as atividades do \u00f3rg\u00e3o pan-africano, citando os progressos feitos por ele no retorno \u00e0 democracia. O pa\u00eds foi novamente suspenso em 1 de junho de 2021 ap\u00f3s o segundo golpe militar em nove meses.<\/p>\n\n\n\n<p>A Guin\u00e9 tamb\u00e9m foi suspensa pela Uni\u00e3o Africana no dia 10 de setembro de 2021 depois que um golpe militar dep\u00f4s o presidente do pa\u00eds, Alpha Cond\u00e9.<\/p>\n\n\n\n<p>O Sud\u00e3o tamb\u00e9m foi suspenso pela organiza\u00e7\u00e3o no dia 27 de outubro de 2021 depois que um golpe militar dep\u00f4s o governo civil liderado pelo primeiro-ministro Abdalla Hamdok.<\/p>\n\n\n\n<p>Burkina Faso foi suspenso da UA no dia 31 de janeiro de 2022 logo ap\u00f3s o golpe de Estado que dep\u00f4s Roch Marc Christian Kabor\u00e9 do governo burquin\u00eas no dia 23 de janeiro.<\/p>\n\n\n\n<p>Facilmente constatamos que a Sociedade Civil, ainda que representada por Partidos Pol\u00edticos ou Associa\u00e7\u00f5es e Sindicatos, n\u00e3o t\u00eam Estatuto legal neste \u00d3rg\u00e3o internacional africano. \u00c9 mais um esquema desestabilizador planeado no SOVISMO pela UNITA\/FPU, a juntar ao rol das incongru\u00eancias que a ridicularizam cada vez mais, \u00e9 uma seita fora da lei, que parece n\u00e3o desarmar a provoca\u00e7\u00e3o deliberada, inoportuna e demasiado inconveniente.<\/p>\n\n\n\n<p>Perante este quadro real que obscurece o sonho, a estrat\u00e9gia passa por desenterrar fantasmas do passado, feitas virgens puritanas, os mercen\u00e1rios lan\u00e7am-se como abutres selvagens em busca da podrid\u00e3o, v\u00e3o atr\u00e1s do seu habitat, lodo pantanoso e nauseabundo, at\u00e9 quando j\u00e1 ningu\u00e9m sabe, come\u00e7a a ser desafiador da racionalidade humana.<\/p>\n","protected":false},"excerpt":{"rendered":"<p>N\u00e3o se pode dizer que s\u00e3o portas que se fecham porque nunca se abriram, s\u00f3 porque a esquizofrenia e credibilidade vol\u00e1til dos abutres sobrevoam ninhos subversivos, em busca de lan\u00e7as envenenadas para traumatizar os angolanos. Paula Roque procurou na Cidade do Cabo na \u00c1frica do Sul, um escrit\u00f3rio de advogados especializados em Direito Internacional, para [&hellip;]<\/p>\n","protected":false},"author":5,"featured_media":7949,"comment_status":"closed","ping_status":"closed","sticky":false,"template":"","format":"standard","meta":{"inline_featured_image":false,"footnotes":""},"categories":[105,21],"tags":[1776,1333,1235,715],"class_list":["post-7948","post","type-post","status-publish","format-standard","has-post-thumbnail","hentry","category-noticias","category-opiniao","tag-cne","tag-paula-roque","tag-sovismo","tag-uniao-africana"],"_links":{"self":[{"href":"https:\/\/tribunadeangola.org\/index.php?rest_route=\/wp\/v2\/posts\/7948","targetHints":{"allow":["GET"]}}],"collection":[{"href":"https:\/\/tribunadeangola.org\/index.php?rest_route=\/wp\/v2\/posts"}],"about":[{"href":"https:\/\/tribunadeangola.org\/index.php?rest_route=\/wp\/v2\/types\/post"}],"author":[{"embeddable":true,"href":"https:\/\/tribunadeangola.org\/index.php?rest_route=\/wp\/v2\/users\/5"}],"replies":[{"embeddable":true,"href":"https:\/\/tribunadeangola.org\/index.php?rest_route=%2Fwp%2Fv2%2Fcomments&post=7948"}],"version-history":[{"count":1,"href":"https:\/\/tribunadeangola.org\/index.php?rest_route=\/wp\/v2\/posts\/7948\/revisions"}],"predecessor-version":[{"id":7950,"href":"https:\/\/tribunadeangola.org\/index.php?rest_route=\/wp\/v2\/posts\/7948\/revisions\/7950"}],"wp:featuredmedia":[{"embeddable":true,"href":"https:\/\/tribunadeangola.org\/index.php?rest_route=\/wp\/v2\/media\/7949"}],"wp:attachment":[{"href":"https:\/\/tribunadeangola.org\/index.php?rest_route=%2Fwp%2Fv2%2Fmedia&parent=7948"}],"wp:term":[{"taxonomy":"category","embeddable":true,"href":"https:\/\/tribunadeangola.org\/index.php?rest_route=%2Fwp%2Fv2%2Fcategories&post=7948"},{"taxonomy":"post_tag","embeddable":true,"href":"https:\/\/tribunadeangola.org\/index.php?rest_route=%2Fwp%2Fv2%2Ftags&post=7948"}],"curies":[{"name":"wp","href":"https:\/\/api.w.org\/{rel}","templated":true}]}}