{"id":7864,"date":"2022-09-01T16:12:38","date_gmt":"2022-09-01T15:12:38","guid":{"rendered":"https:\/\/tribunadeangola.org\/?p=7864"},"modified":"2022-09-02T16:49:30","modified_gmt":"2022-09-02T15:49:30","slug":"sobre-o-jornalista-que-corre-risco-de-vida-em-angola","status":"publish","type":"post","link":"https:\/\/tribunadeangola.org\/?p=7864","title":{"rendered":"Sobre o &#8220;jornalista&#8221; que corre &#8220;risco de vida&#8221; em Angola"},"content":{"rendered":"\n<p class=\"has-drop-cap\">E se fosse a TPA not\u00edcias a entrevistar um alegado jornalista da R\u00e1dio Despertar, por exemplo, &#8211; que falasse mal da UNITA e do seu presidente e que dissesse que na R\u00e1dio Despertar n\u00e3o \u00e9 permitido fazer not\u00edcias contra a UNITA (quando todo o mundo sabe que isso \u00e9 verdade) &#8211; sem buscar o contradit\u00f3rio da direc\u00e7\u00e3o da R\u00e1dio Despertar, todos hoje estariam a dizer que \u00e9 mais um infiltrado na UNITA (se calhar do SINSE) ou que foi pago pelo MPLA para falar mal da UNITA, certo?<\/p>\n\n\n\n<p>&#8220;Estranhamente&#8221; (as aspas s\u00e3o propositadas) \u00e9 a SIC NOT\u00cdCIAS. N\u00e3o \u00e9 a TPA (uma &#8220;televis\u00e3o amadora&#8221;!). \u00c9 a SIC NOT\u00cdCIAS (de Portugal, profissional) que entrevista um alegado jornalista da TPA, que diz que se demitiu porque lhe foi imposto n\u00e3o escrever nada contra Jo\u00e3o Louren\u00e7o. \u00c9 a SIC NOT\u00cdCIAS &#8211; que n\u00e3o trabalha com &#8220;encomendas pol\u00edticas&#8221; -, que at\u00e9 tem conv\u00e9nio de troca de conte\u00fados com a Televis\u00e3o P\u00fablica de Angola, cujo estreitamento das rela\u00e7\u00f5es facilitaria chegar \u00e0 verdade sobre este assunto! Os portugueses!<\/p>\n\n\n\n<p>De acordo com o que investiguei, o jovem nem sequer ainda tinha contrato com a TPA (que estava em vias de acontecer). Nunca foi jornalista, de facto, da TPA. Estava em regime de est\u00e1gio e ter\u00e1 ficado com ci\u00fames pelo facto de os primeiros resultados provis\u00f3rios das elei\u00e7\u00f5es terem sido apresentados pelo rosto da TPA (Ernesto Bartolomeu), num espa\u00e7o especial em que eu participei como Comentador-TPA. Eu estive l\u00e1.<\/p>\n\n\n\n<p>As minhas investiga\u00e7\u00f5es apontam que o jovem saiu da ZAP (de Isabel dos Santos) para a TPA, quando se recuperou activos do Estado, uma vez que o Executivo n\u00e3o pretendia\/pretende despedir ningu\u00e9m que foi trabalhador dos \u00f3rg\u00e3os de comunica\u00e7\u00e3o social que foram criados com fundos p\u00fablicos.<\/p>\n\n\n\n<p>Depois do an\u00fancio dos primeiros resultados provis\u00f3rios das elei\u00e7\u00f5es, o jovem mandou uma mensagem pelo WhatsApp ao editor do jornal das 0h a demitir-se (por telefone) porque achou que devia ter sido ele a fazer o papel do Ernesto Bartolomeu.<\/p>\n\n\n\n<p>De forma caricata (aqui \u00e9 preciso uma an\u00e1lise profunda sobre a sua traject\u00f3ria, comportamento e essa &#8220;mentira compulsiva&#8221;), aparece nas redes sociais a alegar que foi obrigado a falar mal da UNITA e de Adalberto Costa Junior (alguma liga\u00e7\u00e3o com Isabel dos Santos\/ZAP?)! Coincid\u00eancia com os financiadores de ACJ?<\/p>\n\n\n\n<p>Outra curiosidade: rapidamente, aparece na SIC NOT\u00cdCIAS a falar mal da TPA e do Estado angolano e referindo-se sobre os resultados definitivos das elei\u00e7\u00f5es gerais 2022 SEM O CONTRADIT\u00d3RIO da direc\u00e7\u00e3o da TPA.<\/p>\n\n\n\n<p>Mas um estagi\u00e1rio explica resultados das elei\u00e7\u00f5es? Ser\u00e1 que em Portugal isso era poss\u00edvel?<\/p>\n\n\n\n<p>E mais: diz que corre risco de vida por ter assumido esta posi\u00e7\u00e3o e por dominar segredos da TPA.<\/p>\n\n\n\n<p>Um estagi\u00e1rio conhece &#8220;segredos da TPA&#8221;?<\/p>\n\n\n\n<p>Que jornalismo esse jovem j\u00e1 fez para dizer que o que sabe representa perigo para a sua vida? Isso \u00e9 s\u00e9rio?<\/p>\n\n\n\n<p>Domina algum segredo do Estado angolano?<\/p>\n\n\n\n<p>Foi dos Servi\u00e7os Secretos? Domina segredos do Estado?<\/p>\n\n\n\n<p>J\u00e1 denunciou alguma alta figura do Estado angolano no seu &#8220;jornalismo&#8221;?<\/p>\n\n\n\n<p>Est\u00e1 a pedir amnistia internacional por ter sido um estagi\u00e1rio que se demitiu da TPA (pelo WhatsApp)? Mas que com\u00e9dia \u00e9 essa que est\u00e1 a acontecer neste pa\u00eds?<\/p>\n\n\n\n<p>Se esse jovem, que nunca fez jornalismo de investiga\u00e7\u00e3o, nunca denunciou altas figuras do Estado corre &#8220;perigo de vida&#8221;, n\u00f3s, que j\u00e1 denunci\u00e1mos, por exemplo, o Vice-Procurador-geral da Rep\u00fablica (que at\u00e9 nos levou a tribunal e fomos condenados a 3 anos de pris\u00e3o efectiva), o Vice-Presidente da Rep\u00fablica, o ministro de Estado e Chefe da Casa Civil do Presidente da Rep\u00fablica, o ministro do MAT, o Inspector-geral Adjunto da IGAE, a ministra das Finan\u00e7as, o ex-Chefe da Casa Militar do Presidente da Rep\u00fablica e outros altos respons\u00e1veis do Estado, J\u00c1 ESTAMOS MORTOS e n\u00e3o sabemos?<\/p>\n\n\n\n<p>Ser\u00e1 que estamos a escrever a partir do c\u00e9u ou do inferno?<\/p>\n\n\n\n<p>Haja paci\u00eancia para tanta mentira compulsiva e um imediatismo est\u00fapido e extremo dessa juventude de hoje que tudo faz, de forma irrespons\u00e1vel, para manchar o nome de Angola l\u00e1 fora.<\/p>\n\n\n\n<p>Das duas uma: ou esse jovem est\u00e1 claramente doente. Precisa de ajuda psicol\u00f3gica e psiqui\u00e1trica ou \u00e9 mais um mercen\u00e1rio muito bem pago para fazer o papel que est\u00e1 a fazer e os que s\u00f3 seguem o vento nas redes sociais n\u00e3o questionam (para n\u00e3o variar).<\/p>\n\n\n\n<p>Hoje qualquer oportunista\/maluco pode ficar famoso do dia para a noite desde que apare\u00e7a a falar mal das institui\u00e7\u00f5es do Estado angolano. Cheg\u00e1mos a esse n\u00edvel de promiscuidade barata e com publicidade em \u00f3rg\u00e3os de comunica\u00e7\u00e3o social portugueses, como se Angola ainda fosse uma col\u00f3nia de Portugal e como se esses \u00f3rg\u00e3os de comunica\u00e7\u00e3o social n\u00e3o tivessem uma &#8220;linha editorial&#8221; que servisse os seus interesses financeiros e econ\u00f3micos.<\/p>\n\n\n\n<p>Haja &#8220;inoc\u00eancia&#8221; nas redes sociais!<\/p>\n","protected":false},"excerpt":{"rendered":"<p>E se fosse a TPA not\u00edcias a entrevistar um alegado jornalista da R\u00e1dio Despertar, por exemplo, &#8211; que falasse mal da UNITA e do seu presidente e que dissesse que na R\u00e1dio Despertar n\u00e3o \u00e9 permitido fazer not\u00edcias contra a UNITA (quando todo o mundo sabe que isso \u00e9 verdade) &#8211; sem buscar o contradit\u00f3rio [&hellip;]<\/p>\n","protected":false},"author":14,"featured_media":7865,"comment_status":"closed","ping_status":"closed","sticky":false,"template":"","format":"standard","meta":{"inline_featured_image":false,"footnotes":""},"categories":[105,21],"tags":[89,2099,119,39,33,1447,121,43,347,782,198,25,1001],"class_list":["post-7864","post","type-post","status-publish","format-standard","has-post-thumbnail","hentry","category-noticias","category-opiniao","tag-angola","tag-comunicacao-social","tag-estado-angolano","tag-isabel-dos-santos","tag-joao-lourenco","tag-jornalistas","tag-mpla","tag-portugal","tag-redes-sociais","tag-sic","tag-tpa","tag-unita","tag-zap"],"_links":{"self":[{"href":"https:\/\/tribunadeangola.org\/index.php?rest_route=\/wp\/v2\/posts\/7864","targetHints":{"allow":["GET"]}}],"collection":[{"href":"https:\/\/tribunadeangola.org\/index.php?rest_route=\/wp\/v2\/posts"}],"about":[{"href":"https:\/\/tribunadeangola.org\/index.php?rest_route=\/wp\/v2\/types\/post"}],"author":[{"embeddable":true,"href":"https:\/\/tribunadeangola.org\/index.php?rest_route=\/wp\/v2\/users\/14"}],"replies":[{"embeddable":true,"href":"https:\/\/tribunadeangola.org\/index.php?rest_route=%2Fwp%2Fv2%2Fcomments&post=7864"}],"version-history":[{"count":1,"href":"https:\/\/tribunadeangola.org\/index.php?rest_route=\/wp\/v2\/posts\/7864\/revisions"}],"predecessor-version":[{"id":7866,"href":"https:\/\/tribunadeangola.org\/index.php?rest_route=\/wp\/v2\/posts\/7864\/revisions\/7866"}],"wp:featuredmedia":[{"embeddable":true,"href":"https:\/\/tribunadeangola.org\/index.php?rest_route=\/wp\/v2\/media\/7865"}],"wp:attachment":[{"href":"https:\/\/tribunadeangola.org\/index.php?rest_route=%2Fwp%2Fv2%2Fmedia&parent=7864"}],"wp:term":[{"taxonomy":"category","embeddable":true,"href":"https:\/\/tribunadeangola.org\/index.php?rest_route=%2Fwp%2Fv2%2Fcategories&post=7864"},{"taxonomy":"post_tag","embeddable":true,"href":"https:\/\/tribunadeangola.org\/index.php?rest_route=%2Fwp%2Fv2%2Ftags&post=7864"}],"curies":[{"name":"wp","href":"https:\/\/api.w.org\/{rel}","templated":true}]}}