{"id":7720,"date":"2022-08-21T15:31:46","date_gmt":"2022-08-21T14:31:46","guid":{"rendered":"https:\/\/tribunadeangola.org\/?p=7720"},"modified":"2022-08-23T11:16:26","modified_gmt":"2022-08-23T10:16:26","slug":"a-falta-de-imparcialidade-de-alguma-imprensa-portuguesa","status":"publish","type":"post","link":"https:\/\/tribunadeangola.org\/?p=7720","title":{"rendered":"A falta de imparcialidade de (alguma) imprensa portuguesa"},"content":{"rendered":"\n<p class=\"has-drop-cap\">Tem surpreendido qualquer um a virul\u00eancia com que alguns membros da imprensa portuguesa, geralmente, falidos se atiram contra o leg\u00edtimo governo da Rep\u00fablica de Angola sem equil\u00edbrio, crit\u00e9rio jornal\u00edstico e imparcialidade.<\/p>\n\n\n\n<p>Se h\u00e1 jornalistas e jornais que t\u00eam simpatias claras pela UNITA-ACJ como o P\u00fablico, mas, at\u00e9 ao momento, t\u00eam respeitado as regras da profiss\u00e3o e produzido artigos equilibrados e independentes, outros acham que a sua fun\u00e7\u00e3o \u00e9 promover a vit\u00f3ria da UNITA em nome de uma mudan\u00e7a que n\u00e3o percebem e com uma ignor\u00e2ncia e soberba manifesta.<\/p>\n\n\n\n<p>N\u00e3o percebem, ou fingem n\u00e3o perceber, que a UNITA-ACJ n\u00e3o \u00e9 mudan\u00e7a, mas volta ao passado, devido \u00e0 sua alian\u00e7a com as manas Santos.<\/p>\n\n\n\n<p>N\u00e3o percebem, ou fingem n\u00e3o perceber, que uma boa parte do apoio \u00e0 UNITA-ACJ nas redes sociais \u00e9 auto-alimentado pelos peritos israelitas de Adi Timor.<\/p>\n\n\n\n<p>N\u00e3o percebem, ou fingem n\u00e3o perceber, que a economia virou e as pol\u00edticas de Jo\u00e3o Louren\u00e7o resultam.<\/p>\n\n\n\n<p>Fugindo da realidade e do contradit\u00f3rio, entram em espasmos de histeria e apoio da UNITA, falando numa falta de liberdade de express\u00e3o em Angola, quando est\u00e3o em Angola aos berros contra o governo, dizendo coisas de Jo\u00e3o Louren\u00e7o que nunca se atreveriam a dizer de Marcelo Rebelo de Sousa e Ant\u00f3nio Costa, e ainda bem. Experimentem escrever sobre Marcelo ou Costa em Portugal o que se tem escrito em Angola, para ver se n\u00e3o estavam rapidamente com as costas no banco dos r\u00e9us do tribunal criminal de Lisboa.<\/p>\n\n\n\n<p>O esp\u00edrito de arrogante neo-colonialismo que perpassa por estes jornalistas sem educa\u00e7\u00e3o e forma\u00e7\u00e3o \u00e9 t\u00e3o grande que s\u00f3 lhes apetecia dar um chuto para o primeiro avi\u00e3o com rumo a Lisboa.<\/p>\n\n\n\n<p>Felizmente, a verdade e a mobiliza\u00e7\u00e3o das imensas massas v\u00eam ao de cima e os jornalistas parciais cada vez falar\u00e3o mais para audi\u00eancias auto-sustentadas pelas ag\u00eancias de comunica\u00e7\u00e3o das manas Santos.<\/p>\n\n\n\n<p>Mas findo isto, o governo e os capitalistas angolanos deveriam rever a sua rela\u00e7\u00e3o com alguma imprensa portuguesa, levando-a cultivar a verdade e repudiar a Mentira.<\/p>\n","protected":false},"excerpt":{"rendered":"<p>Tem surpreendido qualquer um a virul\u00eancia com que alguns membros da imprensa portuguesa, geralmente, falidos se atiram contra o leg\u00edtimo governo da Rep\u00fablica de Angola sem equil\u00edbrio, crit\u00e9rio jornal\u00edstico e imparcialidade. Se h\u00e1 jornalistas e jornais que t\u00eam simpatias claras pela UNITA-ACJ como o P\u00fablico, mas, at\u00e9 ao momento, t\u00eam respeitado as regras da profiss\u00e3o [&hellip;]<\/p>\n","protected":false},"author":1,"featured_media":7721,"comment_status":"closed","ping_status":"closed","sticky":false,"template":"","format":"standard","meta":{"inline_featured_image":false,"footnotes":""},"categories":[105,21],"tags":[491,1603,89,452,127,562,33,535,25],"class_list":["post-7720","post","type-post","status-publish","format-standard","has-post-thumbnail","hentry","category-noticias","category-opiniao","tag-acj","tag-adi-timor","tag-angola","tag-dos-santos","tag-governo","tag-imprensa","tag-joao-lourenco","tag-mentiras","tag-unita"],"_links":{"self":[{"href":"https:\/\/tribunadeangola.org\/index.php?rest_route=\/wp\/v2\/posts\/7720","targetHints":{"allow":["GET"]}}],"collection":[{"href":"https:\/\/tribunadeangola.org\/index.php?rest_route=\/wp\/v2\/posts"}],"about":[{"href":"https:\/\/tribunadeangola.org\/index.php?rest_route=\/wp\/v2\/types\/post"}],"author":[{"embeddable":true,"href":"https:\/\/tribunadeangola.org\/index.php?rest_route=\/wp\/v2\/users\/1"}],"replies":[{"embeddable":true,"href":"https:\/\/tribunadeangola.org\/index.php?rest_route=%2Fwp%2Fv2%2Fcomments&post=7720"}],"version-history":[{"count":1,"href":"https:\/\/tribunadeangola.org\/index.php?rest_route=\/wp\/v2\/posts\/7720\/revisions"}],"predecessor-version":[{"id":7722,"href":"https:\/\/tribunadeangola.org\/index.php?rest_route=\/wp\/v2\/posts\/7720\/revisions\/7722"}],"wp:featuredmedia":[{"embeddable":true,"href":"https:\/\/tribunadeangola.org\/index.php?rest_route=\/wp\/v2\/media\/7721"}],"wp:attachment":[{"href":"https:\/\/tribunadeangola.org\/index.php?rest_route=%2Fwp%2Fv2%2Fmedia&parent=7720"}],"wp:term":[{"taxonomy":"category","embeddable":true,"href":"https:\/\/tribunadeangola.org\/index.php?rest_route=%2Fwp%2Fv2%2Fcategories&post=7720"},{"taxonomy":"post_tag","embeddable":true,"href":"https:\/\/tribunadeangola.org\/index.php?rest_route=%2Fwp%2Fv2%2Ftags&post=7720"}],"curies":[{"name":"wp","href":"https:\/\/api.w.org\/{rel}","templated":true}]}}