{"id":7713,"date":"2022-08-20T18:58:45","date_gmt":"2022-08-20T17:58:45","guid":{"rendered":"https:\/\/tribunadeangola.org\/?p=7713"},"modified":"2022-08-22T21:19:14","modified_gmt":"2022-08-22T20:19:14","slug":"filho-savimbi-apoia-jlo","status":"publish","type":"post","link":"https:\/\/tribunadeangola.org\/?p=7713","title":{"rendered":"Filho Savimbi apoia JLo"},"content":{"rendered":"\n<p class=\"has-drop-cap\">O filho de Jonas Savimbi, Kanganjo Savimbi, veio expressar ao pa\u00eds a responsabilidade do voto nas elei\u00e7\u00f5es do pr\u00f3ximo dia 24. Para al\u00e9m de ter frisado a import\u00e2ncia do acto eleitoral, lembrou o povo angolano que estas elei\u00e7\u00f5es defendem  acima de tudo o interesse nacional, a reconcilia\u00e7\u00e3o do povo angolano, a paz e a democracia.<\/p>\n\n\n\n<p>O voto na pr\u00f3xima quarta-feira deve ser sobretudo um voto patri\u00f3tico. \u00c9 um voto na continuidade e estabilidade para o desenvolvimento de Angola.<\/p>\n\n\n\n<p>N\u00e3o \u00e9 um apelo \u00e0 viol\u00eancia, altern\u00e2ncia e instabilidade, como augura ACJ e a FPU. Por um pa\u00eds de paz, estabilidade e desenvolvimento, o oito do Presidente Jo\u00e3o Louren\u00e7o, \u00e9 a \u00fanica solu\u00e7\u00e3o vi\u00e1vel que o filho de Jonas Savimbi tamb\u00e9m defende.<\/p>\n\n\n\n<p><\/p>\n","protected":false},"excerpt":{"rendered":"<p>O filho de Jonas Savimbi, Kanganjo Savimbi, veio expressar ao pa\u00eds a responsabilidade do voto nas elei\u00e7\u00f5es do pr\u00f3ximo dia 24. Para al\u00e9m de ter frisado a import\u00e2ncia do acto eleitoral, lembrou o povo angolano que estas elei\u00e7\u00f5es defendem acima de tudo o interesse nacional, a reconcilia\u00e7\u00e3o do povo angolano, a paz e a democracia. [&hellip;]<\/p>\n","protected":false},"author":1,"featured_media":7714,"comment_status":"closed","ping_status":"closed","sticky":false,"template":"","format":"standard","meta":{"inline_featured_image":false,"footnotes":""},"categories":[105,21],"tags":[89,469,433,52,33,118,2184,177,1709],"class_list":["post-7713","post","type-post","status-publish","format-standard","has-post-thumbnail","hentry","category-noticias","category-opiniao","tag-angola","tag-desenvolvimento","tag-eleicoes","tag-estabilidade","tag-joao-lourenco","tag-jonas-savimbi","tag-oito","tag-presidente","tag-voto"],"_links":{"self":[{"href":"https:\/\/tribunadeangola.org\/index.php?rest_route=\/wp\/v2\/posts\/7713","targetHints":{"allow":["GET"]}}],"collection":[{"href":"https:\/\/tribunadeangola.org\/index.php?rest_route=\/wp\/v2\/posts"}],"about":[{"href":"https:\/\/tribunadeangola.org\/index.php?rest_route=\/wp\/v2\/types\/post"}],"author":[{"embeddable":true,"href":"https:\/\/tribunadeangola.org\/index.php?rest_route=\/wp\/v2\/users\/1"}],"replies":[{"embeddable":true,"href":"https:\/\/tribunadeangola.org\/index.php?rest_route=%2Fwp%2Fv2%2Fcomments&post=7713"}],"version-history":[{"count":1,"href":"https:\/\/tribunadeangola.org\/index.php?rest_route=\/wp\/v2\/posts\/7713\/revisions"}],"predecessor-version":[{"id":7715,"href":"https:\/\/tribunadeangola.org\/index.php?rest_route=\/wp\/v2\/posts\/7713\/revisions\/7715"}],"wp:featuredmedia":[{"embeddable":true,"href":"https:\/\/tribunadeangola.org\/index.php?rest_route=\/wp\/v2\/media\/7714"}],"wp:attachment":[{"href":"https:\/\/tribunadeangola.org\/index.php?rest_route=%2Fwp%2Fv2%2Fmedia&parent=7713"}],"wp:term":[{"taxonomy":"category","embeddable":true,"href":"https:\/\/tribunadeangola.org\/index.php?rest_route=%2Fwp%2Fv2%2Fcategories&post=7713"},{"taxonomy":"post_tag","embeddable":true,"href":"https:\/\/tribunadeangola.org\/index.php?rest_route=%2Fwp%2Fv2%2Ftags&post=7713"}],"curies":[{"name":"wp","href":"https:\/\/api.w.org\/{rel}","templated":true}]}}