{"id":7486,"date":"2022-08-02T08:00:00","date_gmt":"2022-08-02T07:00:00","guid":{"rendered":"https:\/\/tribunadeangola.org\/?p=7486"},"modified":"2022-08-03T16:52:40","modified_gmt":"2022-08-03T15:52:40","slug":"os-jovens-sao-a-vanguarda-do-futuro-de-angola","status":"publish","type":"post","link":"https:\/\/tribunadeangola.org\/?p=7486","title":{"rendered":"Os jovens s\u00e3o a vanguarda do futuro de Angola"},"content":{"rendered":"\n<p class=\"has-drop-cap\">Jo\u00e3o Louren\u00e7o fez um reflectido discurso \u00e0 juventude em que demonstrou a esperan\u00e7a que ele e a na\u00e7\u00e3o t\u00eam que os jovens se tornem o motor do progresso e crescimento de Angola.<\/p>\n\n\n\n<p>A vis\u00e3o do Presidente surge em poucas, mas assertivas frases.<\/p>\n\n\n\n<p>Em primeiro lugar, \u00e9 responsabilidade dos jovens \u201cdeterminar o curso desta disputa eleitoral\u201d pois a juventude\u201d constitui a grande maioria da nossa popula\u00e7\u00e3o.\u201d<\/p>\n\n\n\n<p>Mas se os jovens determinam o resultado das elei\u00e7\u00f5es, t\u00eam uma responsabilidade maior que \u00e9 a de \u201cgerar as transforma\u00e7\u00f5es econ\u00f3micas e sociais de que o pa\u00eds ainda carece\u201d.<\/p>\n\n\n\n<p>Os jovens s\u00e3o agentes da mudan\u00e7a e n\u00e3o observadores passivos do que acontece.<\/p>\n\n\n\n<p>E no \u00e2mbito das preocupa\u00e7\u00f5es dos jovens, tem especial destaque a Educa\u00e7\u00e3o.<\/p>\n\n\n\n<p>\u201cHoje, o conhecimento t\u00e9cnico-cient\u00edfico representa, no cen\u00e1rio mundial contempor\u00e2neo, um dos pilares imprescind\u00edveis para o crescimento e desenvolvimento dos pa\u00edses.<\/p>\n\n\n\n<p>A vis\u00e3o que defendemos \u00e9 que n\u00e3o basta que os jovens v\u00e3o para as universidades para obter diplomas, ou para passarem de classe e, no final, adquirem o grau de licenciados, mestres ou doutorados.<\/p>\n\n\n\n<p>\u00c9 preciso que o fa\u00e7am, mas tendo bem presente o contexto da sua forma\u00e7\u00e3o e da utilidade da mesma num mundo cada vez mais global e competitivo. \u201c<\/p>\n\n\n\n<p>\u00c9 isto mesmo, a universidade tem de preparar para a vida, n\u00e3o \u00e9 um reposit\u00f3rio de teorias e sebentas que ningu\u00e9m usa ou percebe, \u00e9 uma plataforma para o saber pr\u00e1tico e o avan\u00e7o individual e colectivo.<\/p>\n\n\n\n<p>\u201cA Universidade \u00e9 hoje um espa\u00e7o de di\u00e1logo, de partilha e de circula\u00e7\u00e3o de conhecimento que, uma vez colocados em pr\u00e1tica, contribuem para a resolu\u00e7\u00e3o dos in\u00fameros problemas sociais e estruturais ainda existentes no nosso pa\u00eds\u201d.&nbsp;<\/p>\n\n\n\n<p>Tamb\u00e9m \u00e9 fundamental \u201cuma elevada aposta na promo\u00e7\u00e3o da investiga\u00e7\u00e3o cient\u00edfica e na parceria com distintas institui\u00e7\u00f5es hom\u00f3logas estrangeiras.\u201d<\/p>\n\n\n\n<p>E fica o desafio do Presidente, a sua vis\u00e3o que a todos deve estimular:<\/p>\n\n\n\n<p>\u201cCom esta vis\u00e3o, estaremos ent\u00e3o a permitir que o objectivo de ter universidades angolanas situadas entre as melhores de \u00c1frica e figurando no ranking mundial seja uma realidade.\u201d<\/p>\n\n\n\n<p>Deixemo-nos de miserabilismos e queixumes. Um pa\u00eds n\u00e3o se constr\u00f3i com vitimiza\u00e7\u00e3o constantes e choraminguice \u00e0 portuguesa.<\/p>\n\n\n\n<p>Vamos a isto!<\/p>\n\n\n\n<p>&nbsp;Vamos colocar as universidades angolanas como as melhores de \u00c1frica!<\/p>\n\n\n\n<p>Este \u00e9 o desafio para os pr\u00f3ximos cinco anos.<\/p>\n","protected":false},"excerpt":{"rendered":"<p>Jo\u00e3o Louren\u00e7o fez um reflectido discurso \u00e0 juventude em que demonstrou a esperan\u00e7a que ele e a na\u00e7\u00e3o t\u00eam que os jovens se tornem o motor do progresso e crescimento de Angola. A vis\u00e3o do Presidente surge em poucas, mas assertivas frases. Em primeiro lugar, \u00e9 responsabilidade dos jovens \u201cdeterminar o curso desta disputa eleitoral\u201d [&hellip;]<\/p>\n","protected":false},"author":1,"featured_media":7487,"comment_status":"closed","ping_status":"closed","sticky":false,"template":"","format":"standard","meta":{"inline_featured_image":false,"footnotes":""},"categories":[105,21],"tags":[89,98,1545,33,656],"class_list":["post-7486","post","type-post","status-publish","format-standard","has-post-thumbnail","hentry","category-noticias","category-opiniao","tag-angola","tag-educacao","tag-futuro","tag-joao-lourenco","tag-jovens"],"_links":{"self":[{"href":"https:\/\/tribunadeangola.org\/index.php?rest_route=\/wp\/v2\/posts\/7486","targetHints":{"allow":["GET"]}}],"collection":[{"href":"https:\/\/tribunadeangola.org\/index.php?rest_route=\/wp\/v2\/posts"}],"about":[{"href":"https:\/\/tribunadeangola.org\/index.php?rest_route=\/wp\/v2\/types\/post"}],"author":[{"embeddable":true,"href":"https:\/\/tribunadeangola.org\/index.php?rest_route=\/wp\/v2\/users\/1"}],"replies":[{"embeddable":true,"href":"https:\/\/tribunadeangola.org\/index.php?rest_route=%2Fwp%2Fv2%2Fcomments&post=7486"}],"version-history":[{"count":1,"href":"https:\/\/tribunadeangola.org\/index.php?rest_route=\/wp\/v2\/posts\/7486\/revisions"}],"predecessor-version":[{"id":7488,"href":"https:\/\/tribunadeangola.org\/index.php?rest_route=\/wp\/v2\/posts\/7486\/revisions\/7488"}],"wp:featuredmedia":[{"embeddable":true,"href":"https:\/\/tribunadeangola.org\/index.php?rest_route=\/wp\/v2\/media\/7487"}],"wp:attachment":[{"href":"https:\/\/tribunadeangola.org\/index.php?rest_route=%2Fwp%2Fv2%2Fmedia&parent=7486"}],"wp:term":[{"taxonomy":"category","embeddable":true,"href":"https:\/\/tribunadeangola.org\/index.php?rest_route=%2Fwp%2Fv2%2Fcategories&post=7486"},{"taxonomy":"post_tag","embeddable":true,"href":"https:\/\/tribunadeangola.org\/index.php?rest_route=%2Fwp%2Fv2%2Ftags&post=7486"}],"curies":[{"name":"wp","href":"https:\/\/api.w.org\/{rel}","templated":true}]}}