{"id":7355,"date":"2022-07-20T08:48:00","date_gmt":"2022-07-20T07:48:00","guid":{"rendered":"https:\/\/tribunadeangola.org\/?p=7355"},"modified":"2022-07-22T17:34:22","modified_gmt":"2022-07-22T16:34:22","slug":"tatiana-durao-agita-mundo-da-moda","status":"publish","type":"post","link":"https:\/\/tribunadeangola.org\/?p=7355","title":{"rendered":"Tatiana Dur\u00e3o agita mundo da moda"},"content":{"rendered":"\n<p class=\"has-drop-cap\">A multifacetada modelo, apresentadora e cantora Tatiana Dur\u00e3o, n\u00e3o esteve com \u201cpapas na l\u00edngua\u201d, quando foi convidada do programa \u201cDi\u00e1logo Cultural\u201d da Televis\u00e3o P\u00fablica de Angola (TPA), para falar o percurso da sua carreira. &nbsp;<\/p>\n\n\n\n<p>Tatiana, entre outros assuntos, debru\u00e7ou-se sobre o universo da moda e os seus \u2018poss\u00edveis\u2019 perigos. Em primeiro lugar, denunciou algumas viv\u00eancias pelas quais passou no mundo da moda, e reconheceu que os concursos de moda e beleza n\u00e3o s\u00e3o justos.<\/p>\n\n\n\n<p>\u201cOs concursos de beleza n\u00e3o s\u00e3o leais e verdadeiros, h\u00e1 sempre coisas por tr\u00e1s, muitas vezes quem merece ganhar n\u00e3o ganha, ganha sempre outras, isso at\u00e9 no miss universo \u00e9 assim, existem outros factores por detr\u00e1s. H\u00e1 poucas misses que ganham por m\u00e9rito, existe, mas poucas\u201d, real\u00e7ou a modelo.<\/p>\n\n\n\n<p>Um outro aspecto salientado por Tatiana, foi o facto de ter sido alvo de preconceito, quando na \u00e9poca chegou a ser tratada de \u201cbarata russa\u201d, por ter o tom de pele claro, alertou sobre os perigos do mundo da moda enfatizando a necessidade de estar preparada. \u201cO mundo da beleza, o mundo da moda \u00e9 perigoso e \u00e9 muito violento, tu precisas estar preparada para entrar\u201d, frisou.<\/p>\n\n\n\n<p>Recordamos que a Tatiana celebrou h\u00e1 j\u00e1 algum tempo duas d\u00e9cadas de carreira como uma das maiores manequins de sucesso da sua gera\u00e7\u00e3o. Por tr\u00eas vezes consecutivas foi a vencedora do pr\u00e9mio de manequim do ano na gala de premia\u00e7\u00e3o \u2018Moda Luanda\u2019.<\/p>\n\n\n\n<p>Al\u00e9m de ter participado em muitos desfiles de moda em Angola, j\u00e1 desfilou a n\u00edvel internacional em Fran\u00e7a (expo Fran\u00e7a), Jap\u00e3o (expo Jap\u00e3o), Portugal (\u00c1frica fashion), \u00c1frica do Sul (Mercedes benz fashion week) e noutros pa\u00edses.<\/p>\n\n\n\n<p>Um dos pontos altos da carreira, foi a sua participa\u00e7\u00e3o no Big Brother \u00c1frica, tendo representado Angola na 2\u00aa temporada deste reality show. O terceiro lugar alcan\u00e7ado foi bastante badalado e envolveu muita controv\u00e9rsia, mas certamente, no final das contas, deixou-nos a todos orgulhosos.<\/p>\n","protected":false},"excerpt":{"rendered":"<p>A multifacetada modelo, apresentadora e cantora Tatiana Dur\u00e3o, n\u00e3o esteve com \u201cpapas na l\u00edngua\u201d, quando foi convidada do programa \u201cDi\u00e1logo Cultural\u201d da Televis\u00e3o P\u00fablica de Angola (TPA), para falar o percurso da sua carreira. &nbsp; Tatiana, entre outros assuntos, debru\u00e7ou-se sobre o universo da moda e os seus \u2018poss\u00edveis\u2019 perigos. Em primeiro lugar, denunciou algumas [&hellip;]<\/p>\n","protected":false},"author":1,"featured_media":7356,"comment_status":"closed","ping_status":"closed","sticky":false,"template":"","format":"standard","meta":{"inline_featured_image":false,"footnotes":""},"categories":[106],"tags":[89,778,1657,2172,2171,2170,811,517,623,776,1710,2169,198],"class_list":["post-7355","post","type-post","status-publish","format-standard","has-post-thumbnail","hentry","category-koollife","tag-angola","tag-apresentadora","tag-beleza","tag-big-brother","tag-concursos","tag-dialogo-cultural","tag-manequim","tag-moda","tag-modelo","tag-reality-show","tag-sucesso","tag-tatiana-durao","tag-tpa"],"_links":{"self":[{"href":"https:\/\/tribunadeangola.org\/index.php?rest_route=\/wp\/v2\/posts\/7355","targetHints":{"allow":["GET"]}}],"collection":[{"href":"https:\/\/tribunadeangola.org\/index.php?rest_route=\/wp\/v2\/posts"}],"about":[{"href":"https:\/\/tribunadeangola.org\/index.php?rest_route=\/wp\/v2\/types\/post"}],"author":[{"embeddable":true,"href":"https:\/\/tribunadeangola.org\/index.php?rest_route=\/wp\/v2\/users\/1"}],"replies":[{"embeddable":true,"href":"https:\/\/tribunadeangola.org\/index.php?rest_route=%2Fwp%2Fv2%2Fcomments&post=7355"}],"version-history":[{"count":1,"href":"https:\/\/tribunadeangola.org\/index.php?rest_route=\/wp\/v2\/posts\/7355\/revisions"}],"predecessor-version":[{"id":7357,"href":"https:\/\/tribunadeangola.org\/index.php?rest_route=\/wp\/v2\/posts\/7355\/revisions\/7357"}],"wp:featuredmedia":[{"embeddable":true,"href":"https:\/\/tribunadeangola.org\/index.php?rest_route=\/wp\/v2\/media\/7356"}],"wp:attachment":[{"href":"https:\/\/tribunadeangola.org\/index.php?rest_route=%2Fwp%2Fv2%2Fmedia&parent=7355"}],"wp:term":[{"taxonomy":"category","embeddable":true,"href":"https:\/\/tribunadeangola.org\/index.php?rest_route=%2Fwp%2Fv2%2Fcategories&post=7355"},{"taxonomy":"post_tag","embeddable":true,"href":"https:\/\/tribunadeangola.org\/index.php?rest_route=%2Fwp%2Fv2%2Ftags&post=7355"}],"curies":[{"name":"wp","href":"https:\/\/api.w.org\/{rel}","templated":true}]}}