{"id":7336,"date":"2022-07-17T16:57:40","date_gmt":"2022-07-17T15:57:40","guid":{"rendered":"https:\/\/tribunadeangola.org\/?p=7336"},"modified":"2022-07-19T10:24:26","modified_gmt":"2022-07-19T09:24:26","slug":"a-teoria-do-espelho-e-o-papel-das-forcas-armadas-angolanas","status":"publish","type":"post","link":"https:\/\/tribunadeangola.org\/?p=7336","title":{"rendered":"A teoria do espelho e o papel das For\u00e7as Armadas Angolanas"},"content":{"rendered":"\n<p class=\"has-drop-cap\">A Unita-ACJ desvia a aten\u00e7\u00e3o da bronca que \u00e9 a contrata\u00e7\u00e3o de um grupo de ex-agentes israelitas e segue a hist\u00f3ria sem nexo de um dos seus jornalistas que afirmou que o discurso do general Furtado em Cabinda foi um apelo \u00e0 viol\u00eancia, como o foi a mobiliza\u00e7\u00e3o das For\u00e7as Armadas para s\u00e1bado em Luanda no dia das duas grandes manifesta\u00e7\u00f5es.<\/p>\n\n\n\n<p>Chama-se a esta atitude, o comportamento-espelho.<\/p>\n\n\n\n<p>\u00c9 a Unita-ACJ que tem estado a promover a insurrei\u00e7\u00e3o e a subvers\u00e3o nas redes sociais, nas palestras e em com\u00edcios no interior do pa\u00eds (lembremo-nos das grava\u00e7\u00f5es incendi\u00e1rias de um dos seus generais h\u00e1 uns meses bem como dum docente que apelava \u00e0 revolta h\u00e1 menos tempo). \u00c9 a Unita-ACJ que tem dado indica\u00e7\u00f5es que tem um plano de subvers\u00e3o, s\u00e3o os seus activistas que incendeiam o mundo virtual. E agora v\u00eam dizer que \u00e9 o governo?<\/p>\n\n\n\n<p>N\u00e3o, o que ACJ faz \u00e9 reflectir o seu comportamento nos outros, a sua promo\u00e7\u00e3o de viol\u00eancia nos outros.<\/p>\n\n\n\n<p>Repete-se o que j\u00e1 se disse depois de ler o discurso do general Furtado. O discurso era um mero apelo \u00e0 estabilidade e ordem com garantia do cumprimento dos deveres p\u00e1trios das For\u00e7as Armadas. Nada mais, nada menos.<\/p>\n\n\n\n<p>Fale-se sobre o papel das For\u00e7as Armadas, n\u00e3o somos juristas como acontece noutros portais populares em Angola, mas sabemos ler.<\/p>\n\n\n\n<p>A Constitui\u00e7\u00e3o diz que as For\u00e7as Armadas t\u00eam como fun\u00e7\u00e3o \u201ca defesa da lei e da ordem p\u00fablica, o asseguramento da liberdade e seguran\u00e7a da popula\u00e7\u00e3o, contra agress\u00f5es e outro tipo de amea\u00e7as externas e internas, bem como o desenvolvimento de miss\u00f5es de interesse p\u00fablico\u201d (Artigo 206.\u00ba da CRA).<\/p>\n\n\n\n<p>ACJ enganou-se confundiu as miss\u00f5es das for\u00e7as armadas coloniais de Portugal com a miss\u00e3o das For\u00e7as Angolanas. Aqui a Constitui\u00e7\u00e3o atribuiu uma fun\u00e7\u00e3o mais alargada e ampla \u00e0s For\u00e7as Armadas e estas t\u00eam o dever constitucional de assegurar a lei e ordem p\u00fablica interna. Ele que estude e n\u00e3o se engane.<\/p>\n\n\n\n<p>A paz interna tamb\u00e9m \u00e9 fun\u00e7\u00e3o das For\u00e7as Armadas e vai ser assegurada.<\/p>\n","protected":false},"excerpt":{"rendered":"<p>A Unita-ACJ desvia a aten\u00e7\u00e3o da bronca que \u00e9 a contrata\u00e7\u00e3o de um grupo de ex-agentes israelitas e segue a hist\u00f3ria sem nexo de um dos seus jornalistas que afirmou que o discurso do general Furtado em Cabinda foi um apelo \u00e0 viol\u00eancia, como o foi a mobiliza\u00e7\u00e3o das For\u00e7as Armadas para s\u00e1bado em Luanda [&hellip;]<\/p>\n","protected":false},"author":1,"featured_media":7337,"comment_status":"closed","ping_status":"closed","sticky":false,"template":"","format":"standard","meta":{"inline_featured_image":false,"footnotes":""},"categories":[105,21],"tags":[491,1695,559,215,589,2136,127,2159,399,197,474,347,25,620],"class_list":["post-7336","post","type-post","status-publish","format-standard","has-post-thumbnail","hentry","category-noticias","category-opiniao","tag-acj","tag-agentes-secretos","tag-cabinda","tag-constituicao","tag-forcas-armadas-angolanas","tag-general-furtado","tag-governo","tag-israelitas","tag-luanda","tag-manifestacoes","tag-paz","tag-redes-sociais","tag-unita","tag-violencia"],"_links":{"self":[{"href":"https:\/\/tribunadeangola.org\/index.php?rest_route=\/wp\/v2\/posts\/7336","targetHints":{"allow":["GET"]}}],"collection":[{"href":"https:\/\/tribunadeangola.org\/index.php?rest_route=\/wp\/v2\/posts"}],"about":[{"href":"https:\/\/tribunadeangola.org\/index.php?rest_route=\/wp\/v2\/types\/post"}],"author":[{"embeddable":true,"href":"https:\/\/tribunadeangola.org\/index.php?rest_route=\/wp\/v2\/users\/1"}],"replies":[{"embeddable":true,"href":"https:\/\/tribunadeangola.org\/index.php?rest_route=%2Fwp%2Fv2%2Fcomments&post=7336"}],"version-history":[{"count":1,"href":"https:\/\/tribunadeangola.org\/index.php?rest_route=\/wp\/v2\/posts\/7336\/revisions"}],"predecessor-version":[{"id":7338,"href":"https:\/\/tribunadeangola.org\/index.php?rest_route=\/wp\/v2\/posts\/7336\/revisions\/7338"}],"wp:featuredmedia":[{"embeddable":true,"href":"https:\/\/tribunadeangola.org\/index.php?rest_route=\/wp\/v2\/media\/7337"}],"wp:attachment":[{"href":"https:\/\/tribunadeangola.org\/index.php?rest_route=%2Fwp%2Fv2%2Fmedia&parent=7336"}],"wp:term":[{"taxonomy":"category","embeddable":true,"href":"https:\/\/tribunadeangola.org\/index.php?rest_route=%2Fwp%2Fv2%2Fcategories&post=7336"},{"taxonomy":"post_tag","embeddable":true,"href":"https:\/\/tribunadeangola.org\/index.php?rest_route=%2Fwp%2Fv2%2Ftags&post=7336"}],"curies":[{"name":"wp","href":"https:\/\/api.w.org\/{rel}","templated":true}]}}