{"id":7206,"date":"2022-07-03T13:05:34","date_gmt":"2022-07-03T12:05:34","guid":{"rendered":"https:\/\/tribunadeangola.org\/?p=7206"},"modified":"2022-07-06T10:23:23","modified_gmt":"2022-07-06T09:23:23","slug":"o-vazio-longinquo","status":"publish","type":"post","link":"https:\/\/tribunadeangola.org\/?p=7206","title":{"rendered":"O vazio long\u00ednquo"},"content":{"rendered":"\n<p class=\"has-drop-cap\">Sem conte\u00fado pol\u00edtico-filos\u00f3fico sempre dependente de uma alma tang\u00edvel&nbsp;salvadora, a UNITA foi uma coutada de um homem s\u00f3, com depend\u00eancias portuguesas, sul africanas e americanas, que esconderam ou disfar\u00e7aram a manada bo\u00e7al que se tornou uma tribo dependente da indulg\u00eancia do Estado e do perd\u00e3o misericordioso do Presidente da Rep\u00fablica que os humilhou com concludente derrota militar.<br>Esta depend\u00eancia cr\u00f3nica espelha-se na traject\u00f3ria depois a orfandade, e conquistada que foi pelo neocolonialista portugu\u00eas ACJ &#8220;B\u00e9tinho&#8221;,&nbsp;logo apareceram os ocupantes do vazio, Eug\u00e9nio &#8220;Dissidente&#8221; Manuvakola, Abel &#8220;Totozinho&#8221; Chivukuvuku, Marcolino &#8220;Ressabiado&#8221; Moco, Francisco &#8220;Fugitivo&#8221; Viana, e uma falange da Igreja Cat\u00f3lica sempre atenta a qualquer nesga de Poder, uma idiossincrasia faminta e insana em clara afronta ao Estado de Direito e suas Institui\u00e7\u00f5es.<br>Em p\u00e2nico com o espectro da derrota cada vez mais estampado no horizonte, sem propostas de governa\u00e7\u00e3o nem compet\u00eancia de Estado, surge escancarado o absurdo oportunismo e hedionda postura de se agarrarem ao fatal desfecho de Jos\u00e9 Eduardo dos Santos, para partidarizar e contabilizar a compaix\u00e3o de um Povo pelo Obreiro da Paz.<br>Paradoxalmente, esta tribo de imbec\u00eds belicista militante, uma chusma de criminosos p\u00fablicos, elevam \u00e0 categoria de m\u00e1rtir aquele que conseguiu a Paz derrotando a UNITA, provando que o Galo Negro e suas depend\u00eancias eram o epicentro do conflito, desiderato que nunca se dissipou. Pelo caminho percorrido at\u00e9 aqui, e a perspetiva do que falta trilhar, oxal\u00e1 que n\u00e3o tenhamos de neutralizar a UNITA\/FPU e os abutres que nela proliferam, o pa\u00eds come\u00e7a a ficar cansado desta tens\u00e3o permanente com verborreias cont\u00ednuas de Lukamba &#8220;Miau&#8221; Gato na \u00c1frica do Sul, ou de Tchiz\u00e9 dos Santos nas suas peixeiradas em parte incerta na Europa.<br>Outro equ\u00edvoco chantagista e irracional da UNITA\/FPU \u00e9 a promo\u00e7\u00e3o de manifesta\u00e7\u00f5es no estrangeiro e outras insultuosas junto dos aposentos do Presidente da Rep\u00fablica, s\u00e3o grupos de matumbos indigentes, a maioria dependentes socialmente nos pa\u00edses de acolhimento, que ilustram uma Angola que de todo j\u00e1 s\u00f3 existe no SOVISMO,&nbsp;tais comportamentos&nbsp;terceiro mundistas s\u00e3o o retrato fiel dos Kwatchas,&nbsp;mas uma indignidade para os Povos de Angola que merecem respeito, e aos quais a UNITA\/FPU se serve para uso mesquinho e prom\u00edscuo.&nbsp;<br>Se a extin\u00e7\u00e3o da UNITA\/FPU \u00e9 sin\u00f3nimo de Paz e Prosperidade, cumpra-se por Angola e pelos angolanos.<\/p>\n","protected":false},"excerpt":{"rendered":"<p>Sem conte\u00fado pol\u00edtico-filos\u00f3fico sempre dependente de uma alma tang\u00edvel&nbsp;salvadora, a UNITA foi uma coutada de um homem s\u00f3, com depend\u00eancias portuguesas, sul africanas e americanas, que esconderam ou disfar\u00e7aram a manada bo\u00e7al que se tornou uma tribo dependente da indulg\u00eancia do Estado e do perd\u00e3o misericordioso do Presidente da Rep\u00fablica que os humilhou com concludente [&hellip;]<\/p>\n","protected":false},"author":5,"featured_media":7208,"comment_status":"closed","ping_status":"closed","sticky":false,"template":"","format":"standard","meta":{"inline_featured_image":false,"footnotes":""},"categories":[105,21],"tags":[491,94,474,25],"class_list":["post-7206","post","type-post","status-publish","format-standard","has-post-thumbnail","hentry","category-noticias","category-opiniao","tag-acj","tag-estado-de-direito","tag-paz","tag-unita"],"_links":{"self":[{"href":"https:\/\/tribunadeangola.org\/index.php?rest_route=\/wp\/v2\/posts\/7206","targetHints":{"allow":["GET"]}}],"collection":[{"href":"https:\/\/tribunadeangola.org\/index.php?rest_route=\/wp\/v2\/posts"}],"about":[{"href":"https:\/\/tribunadeangola.org\/index.php?rest_route=\/wp\/v2\/types\/post"}],"author":[{"embeddable":true,"href":"https:\/\/tribunadeangola.org\/index.php?rest_route=\/wp\/v2\/users\/5"}],"replies":[{"embeddable":true,"href":"https:\/\/tribunadeangola.org\/index.php?rest_route=%2Fwp%2Fv2%2Fcomments&post=7206"}],"version-history":[{"count":1,"href":"https:\/\/tribunadeangola.org\/index.php?rest_route=\/wp\/v2\/posts\/7206\/revisions"}],"predecessor-version":[{"id":7209,"href":"https:\/\/tribunadeangola.org\/index.php?rest_route=\/wp\/v2\/posts\/7206\/revisions\/7209"}],"wp:featuredmedia":[{"embeddable":true,"href":"https:\/\/tribunadeangola.org\/index.php?rest_route=\/wp\/v2\/media\/7208"}],"wp:attachment":[{"href":"https:\/\/tribunadeangola.org\/index.php?rest_route=%2Fwp%2Fv2%2Fmedia&parent=7206"}],"wp:term":[{"taxonomy":"category","embeddable":true,"href":"https:\/\/tribunadeangola.org\/index.php?rest_route=%2Fwp%2Fv2%2Fcategories&post=7206"},{"taxonomy":"post_tag","embeddable":true,"href":"https:\/\/tribunadeangola.org\/index.php?rest_route=%2Fwp%2Fv2%2Ftags&post=7206"}],"curies":[{"name":"wp","href":"https:\/\/api.w.org\/{rel}","templated":true}]}}