{"id":6863,"date":"2022-05-27T12:45:44","date_gmt":"2022-05-27T11:45:44","guid":{"rendered":"https:\/\/tribunadeangola.org\/?p=6863"},"modified":"2022-05-31T12:58:06","modified_gmt":"2022-05-31T11:58:06","slug":"olho-copo","status":"publish","type":"post","link":"https:\/\/tribunadeangola.org\/?p=6863","title":{"rendered":"Olh\u00f3 copo"},"content":{"rendered":"\n<p class=\"has-drop-cap\">Ontem num repasto modesto com o meu amigo Solunga, jovem da oligarquia d\u00e9spota familiar, dissidente das minud\u00eancias parentais, estranhei ele levantar-se para ir ao WC e levar o copo consigo, indelicadeza pouco habitual. Entre amigos indaguei o gesto, fui surpreendido com a resposta; Maninho, na UNITA j\u00e1 nem na fam\u00edlia confiamos mais, hoje mesmo mais um nosso compatriota deputado morreu de repente, \u00e9 a justi\u00e7a da Jamba a funcionar.<\/p>\n\n\n\n<p>Estupefacto calei o pensamento e n\u00e3o contrariei, muitos desprevenidos, infelizmente, j\u00e1 n\u00e3o est\u00e3o entre n\u00f3s. Fiquei a saber, ele \u00e9 voz avalizada, que os jovens filhos dos dirigentes da UNITA, os oficiais como Chiwale, Manuvakola, Mulato, e clandestinos como Lukamba &#8220;Miau&#8221; Gato, inseridos na sociedade angolana e luandense, rejeitam cada vez mais o Galo Negro, veem a oportunidade de servir o pa\u00eds pela via MPLA.<\/p>\n\n\n\n<p>Hoje mesmo, chegam-nos informa\u00e7\u00f5es de uma clara revolta da maioria esmagadora dos protestantes da UNITA, descontentes com o assalto e subservi\u00eancia da Igreja Cat\u00f3lica, gera indigna\u00e7\u00e3o e \u00e9 entendida, tamb\u00e9m, como uma afronta, repetida, \u00e0 Constitui\u00e7\u00e3o da Rep\u00fablica de Angola, que plasma um Estado Laico pr\u00f3prio das democracias civilizadas.<\/p>\n\n\n\n<p>Trucidado politicamente est\u00e1 o rejeitado Abel &#8220;Totozinho&#8221; Chivukuvuku, conseguiu o milagre de unir o Galo Negro contra a sua inclus\u00e3o na lista de candidatos, ACJ &#8220;B\u00e9tinho&#8221; em p\u00e2nico promete agora lugares extra-parlamentares e nas embaixadas, aos oportunistas Moco, Viana, e de guarda do parque de estacionamento ao pateta Ra\u00fal Dinis.<\/p>\n\n\n\n<p>No pr\u00f3ximo plen\u00e1rio do Parlamento Europeu em Strasbourg, Fran\u00e7a, vai ser proposto um convite do Partido Popular Europeu, o maior da Europa, onde coabita o PSD e o CDS, um convite ao Presidente de Angola, Jo\u00e3o Manuel Gon\u00e7alves Louren\u00e7o, para visitar o Parlamento, em claro apoio a Angola no actual contexto global, e com a demonstra\u00e7\u00e3o de grande preocupa\u00e7\u00e3o com a UNITA, o mundo n\u00e3o precisa agora, de uma desestabiliza\u00e7\u00e3o regional em \u00c1frica, e a Paz e Seguran\u00e7a das rela\u00e7\u00f5es multilaterais e estabilidade das rotas mar\u00edtimas, s\u00f3 \u00e9 assegurada pela continuidade do actual Governo.<\/p>\n\n\n\n<p>H\u00e1 a expectativa de Angola vir a ser, a breve trecho, o celeiro de \u00c1frica, as elei\u00e7\u00f5es de Agosto s\u00e3o o momento de viragem, \u00e9 a oportunidade que os angolanos n\u00e3o podem perder.<\/p>\n","protected":false},"excerpt":{"rendered":"<p>Ontem num repasto modesto com o meu amigo Solunga, jovem da oligarquia d\u00e9spota familiar, dissidente das minud\u00eancias parentais, estranhei ele levantar-se para ir ao WC e levar o copo consigo, indelicadeza pouco habitual. Entre amigos indaguei o gesto, fui surpreendido com a resposta; Maninho, na UNITA j\u00e1 nem na fam\u00edlia confiamos mais, hoje mesmo mais [&hellip;]<\/p>\n","protected":false},"author":5,"featured_media":6867,"comment_status":"closed","ping_status":"closed","sticky":false,"template":"","format":"standard","meta":{"inline_featured_image":false,"footnotes":""},"categories":[105,21],"tags":[327,491,162,89,2025,215,24,121,478,177,25],"class_list":["post-6863","post","type-post","status-publish","format-standard","has-post-thumbnail","hentry","category-noticias","category-opiniao","tag-abel-chivukuvuku","tag-acj","tag-africa","tag-angola","tag-celeiro","tag-constituicao","tag-galo-negro","tag-mpla","tag-oligarquia","tag-presidente","tag-unita"],"_links":{"self":[{"href":"https:\/\/tribunadeangola.org\/index.php?rest_route=\/wp\/v2\/posts\/6863","targetHints":{"allow":["GET"]}}],"collection":[{"href":"https:\/\/tribunadeangola.org\/index.php?rest_route=\/wp\/v2\/posts"}],"about":[{"href":"https:\/\/tribunadeangola.org\/index.php?rest_route=\/wp\/v2\/types\/post"}],"author":[{"embeddable":true,"href":"https:\/\/tribunadeangola.org\/index.php?rest_route=\/wp\/v2\/users\/5"}],"replies":[{"embeddable":true,"href":"https:\/\/tribunadeangola.org\/index.php?rest_route=%2Fwp%2Fv2%2Fcomments&post=6863"}],"version-history":[{"count":1,"href":"https:\/\/tribunadeangola.org\/index.php?rest_route=\/wp\/v2\/posts\/6863\/revisions"}],"predecessor-version":[{"id":6865,"href":"https:\/\/tribunadeangola.org\/index.php?rest_route=\/wp\/v2\/posts\/6863\/revisions\/6865"}],"wp:featuredmedia":[{"embeddable":true,"href":"https:\/\/tribunadeangola.org\/index.php?rest_route=\/wp\/v2\/media\/6867"}],"wp:attachment":[{"href":"https:\/\/tribunadeangola.org\/index.php?rest_route=%2Fwp%2Fv2%2Fmedia&parent=6863"}],"wp:term":[{"taxonomy":"category","embeddable":true,"href":"https:\/\/tribunadeangola.org\/index.php?rest_route=%2Fwp%2Fv2%2Fcategories&post=6863"},{"taxonomy":"post_tag","embeddable":true,"href":"https:\/\/tribunadeangola.org\/index.php?rest_route=%2Fwp%2Fv2%2Ftags&post=6863"}],"curies":[{"name":"wp","href":"https:\/\/api.w.org\/{rel}","templated":true}]}}