{"id":6854,"date":"2022-05-26T15:37:57","date_gmt":"2022-05-26T14:37:57","guid":{"rendered":"https:\/\/tribunadeangola.org\/?p=6854"},"modified":"2022-05-29T10:15:26","modified_gmt":"2022-05-29T09:15:26","slug":"alta-tensao","status":"publish","type":"post","link":"https:\/\/tribunadeangola.org\/?p=6854","title":{"rendered":"Alta tens\u00e3o"},"content":{"rendered":"\n<p class=\"has-drop-cap\">Na v\u00e9spera da opereta no circo de Viana, intensificam-se amea\u00e7as, multiplicam-se disfarces, e entre avan\u00e7os e recuos fazem-se ouvir sil\u00eancios de medo e express\u00f5es de descontentamento que vacilam nas margens das dissid\u00eancias.<\/p>\n\n\n\n<p>ACJ &#8220;B\u00e9tinho&#8221; em p\u00e2nico recorre desorientado ao patrono Lukamba &#8220;Miau&#8221; Gato que, com a sua veia de clandestinidade prim\u00e1ria, vai adiando o inevit\u00e1vel, mas o espectro da derrota j\u00e1 n\u00e3o \u00e9 uma miragem, paulatinamente tornou-se uma real inevitabilidade, at\u00e9 o sil\u00eancio de Samakuva causa medo, tanta que \u00e9 a inseguran\u00e7a.<\/p>\n\n\n\n<p>A lista de candidatos h\u00e1 muito estabelecida, vai sendo escondida a sua revela\u00e7\u00e3o por medo de repres\u00e1lias de militantes ostracizados, e por incr\u00edvel que pare\u00e7a, a culpa \u00e9 de Jo\u00e3o Louren\u00e7o e do&nbsp; Governo que ainda n\u00e3o convocou as elei\u00e7\u00f5es.<\/p>\n\n\n\n<p>\u00c9 de bradar aos c\u00e9us esta veia enraizada da vitimiza\u00e7\u00e3o, trope\u00e7am nas suas pr\u00f3prias sombras imbecis, entalam-se nas suas pr\u00f3prias armadilhas, e no final diante dos mesmos erros de sempre, v\u00e3o agitar as bandeiras da fraude para atingirem o que est\u00e1 minuciosamente preparado, avan\u00e7ar com a convuls\u00e3o social, criar arrua\u00e7a, e tentar ganhar o Poder na rua.<\/p>\n\n\n\n<p>Diante do descontentamento feroz que ecoa das prov\u00edncias e da juventude, Abel &#8220;Totozinho&#8221; Chivukuvuku j\u00e1 saltou de segundo da lista e de candidato a vice de ACJ &#8220;B\u00e9tinho&#8221; e fontes bem informadas dizem mesmo que n\u00e3o consta nos primeiros dez candidatos nacionais, o seu narcisismo mesmo integrado na oligarquia d\u00e9spota familiar, j\u00e1 foi comido com molho de tomate.<\/p>\n\n\n\n<p>A lista do MPLA tornada p\u00fablica, com clareza, com responsabilidade, deu mote ao descontentamento feminino no Galo Negro, as mulheres exigem lugares, e n\u00e3o aceitam que sejam destacadas as esposas dos j\u00e1 tradicionais donos da UNITA.<\/p>\n\n\n\n<p>A UNITA precisa de mais 10 anos para se democratizar, e de mais 15 para se socializar e dotar-se de esp\u00edrito nacionalista, tem de deixar de ser tribalista, racista, totalitarista, com alguns idiotas \u00fateis vindos de outros quadrantes para legitimar a seita da fantochada.<\/p>\n\n\n\n<p>Talvez devesse come\u00e7ar por este desiderato o Pensar a Na\u00e7\u00e3o que amanh\u00e3 come\u00e7a sob a patroc\u00ednio da UNITA, veremos de seguida at\u00e9 onde vai a cobran\u00e7a deste recreio dos ressabiados.<\/p>\n\n\n\n<p>Oxal\u00e1 Jo\u00e3o Louren\u00e7o n\u00e3o venha a ser t\u00e3o misericordioso como foi Jos\u00e9 Eduardo dos Santos, aniquilar esta UNITA clandestina e subversiva, \u00e9 a meu ver, dar a oportunidade de surgimento de uma aut\u00eantica Oposi\u00e7\u00e3o democr\u00e1tica, moderna, e sobretudo Nacional.<\/p>\n","protected":false},"excerpt":{"rendered":"<p>Na v\u00e9spera da opereta no circo de Viana, intensificam-se amea\u00e7as, multiplicam-se disfarces, e entre avan\u00e7os e recuos fazem-se ouvir sil\u00eancios de medo e express\u00f5es de descontentamento que vacilam nas margens das dissid\u00eancias. ACJ &#8220;B\u00e9tinho&#8221; em p\u00e2nico recorre desorientado ao patrono Lukamba &#8220;Miau&#8221; Gato que, com a sua veia de clandestinidade prim\u00e1ria, vai adiando o inevit\u00e1vel, [&hellip;]<\/p>\n","protected":false},"author":5,"featured_media":6855,"comment_status":"closed","ping_status":"closed","sticky":false,"template":"","format":"standard","meta":{"inline_featured_image":false,"footnotes":""},"categories":[105,21],"tags":[327,491,433,24,127,33,122,121,1296,25,1326],"class_list":["post-6854","post","type-post","status-publish","format-standard","has-post-thumbnail","hentry","category-noticias","category-opiniao","tag-abel-chivukuvuku","tag-acj","tag-eleicoes","tag-galo-negro","tag-governo","tag-joao-lourenco","tag-lukamba-gato","tag-mpla","tag-nacao","tag-unita","tag-viana"],"_links":{"self":[{"href":"https:\/\/tribunadeangola.org\/index.php?rest_route=\/wp\/v2\/posts\/6854","targetHints":{"allow":["GET"]}}],"collection":[{"href":"https:\/\/tribunadeangola.org\/index.php?rest_route=\/wp\/v2\/posts"}],"about":[{"href":"https:\/\/tribunadeangola.org\/index.php?rest_route=\/wp\/v2\/types\/post"}],"author":[{"embeddable":true,"href":"https:\/\/tribunadeangola.org\/index.php?rest_route=\/wp\/v2\/users\/5"}],"replies":[{"embeddable":true,"href":"https:\/\/tribunadeangola.org\/index.php?rest_route=%2Fwp%2Fv2%2Fcomments&post=6854"}],"version-history":[{"count":1,"href":"https:\/\/tribunadeangola.org\/index.php?rest_route=\/wp\/v2\/posts\/6854\/revisions"}],"predecessor-version":[{"id":6856,"href":"https:\/\/tribunadeangola.org\/index.php?rest_route=\/wp\/v2\/posts\/6854\/revisions\/6856"}],"wp:featuredmedia":[{"embeddable":true,"href":"https:\/\/tribunadeangola.org\/index.php?rest_route=\/wp\/v2\/media\/6855"}],"wp:attachment":[{"href":"https:\/\/tribunadeangola.org\/index.php?rest_route=%2Fwp%2Fv2%2Fmedia&parent=6854"}],"wp:term":[{"taxonomy":"category","embeddable":true,"href":"https:\/\/tribunadeangola.org\/index.php?rest_route=%2Fwp%2Fv2%2Fcategories&post=6854"},{"taxonomy":"post_tag","embeddable":true,"href":"https:\/\/tribunadeangola.org\/index.php?rest_route=%2Fwp%2Fv2%2Ftags&post=6854"}],"curies":[{"name":"wp","href":"https:\/\/api.w.org\/{rel}","templated":true}]}}