{"id":6834,"date":"2022-05-24T09:42:11","date_gmt":"2022-05-24T08:42:11","guid":{"rendered":"https:\/\/tribunadeangola.org\/?p=6834"},"modified":"2022-05-28T17:24:08","modified_gmt":"2022-05-28T16:24:08","slug":"ensaio-geral-da-loucura","status":"publish","type":"post","link":"https:\/\/tribunadeangola.org\/?p=6834","title":{"rendered":"Ensaio geral da loucura"},"content":{"rendered":"\n<p class=\"has-drop-cap\">\u00c0 frente vai o bispo, os servidores carregam o P\u00e1lio, os indigentes levam o andor, ungido pela loucura da cegueira dos fan\u00e1ticos, no pedestal vai ACJ &#8220;B\u00e9tinho&#8221; adornado com o manto ilustrativo do p\u00e2ntano nauseabundo, de onde exala a p\u00e9rfida fragr\u00e2ncia que intoxica a arquibancada geral.<\/p>\n\n\n\n<p>Pensar a Na\u00e7\u00e3o \u00e9 a luva encomendada para calar o ego do regedor da UNITA\/FPU, nada que o dinheiro, o sonho, a promessa, n\u00e3o possa pagar \u00e0 manada ressabiada frente ao espelho da rejei\u00e7\u00e3o, l\u00e1 estar\u00e3o entre promo\u00e7\u00f5es e beberetes os idiotas \u00fateis, acotovelando-se como patetas, retrato digno de banda desenhada infantil.<\/p>\n\n\n\n<p>A agenda \u00e9 longa, vamos ter referendos no Bailundo para ver se querem ser independentes, no Chinguar para analisar se querem continuar a pertencer ao Bi\u00e9, em Viana para constatar se querem separar-se de Luanda, e no Luau para saber se querem pertencer ao Moxico ou ao Catanga, Cabinda j\u00e1 est\u00e1 decidido, ser\u00e1 um Protetorado do Vaticano, as Lundas ser\u00e3o vendidas \u00e0 De Beers para explora\u00e7\u00e3o dos Recursos Naturais.<\/p>\n\n\n\n<p>Nas \u00faltimas horas, lan\u00e7ada a ideia por Lukamba &#8220;Miau&#8221; Gato, em reuni\u00e3o l\u00edrica do Comit\u00e9 da Vila Alice, \u00e9 mote para a campanha, a UNITA prop\u00f5e a passagem da Capital do Pa\u00eds para o Huambo, enumerando o rol de vantagens assentes na vis\u00e3o ruralista e racista do clandestino-mor e da oligarquia d\u00e9spota familiar.<\/p>\n\n\n\n<p>A agenda do conclave do Galo Negro \u00e9 extensa, ser\u00e1 mais um desfile legitimador do p\u00e9rfido contorcionista que vai interagir a sua vacuidade, o circo vai encher-se de generalidades banais, coloridas de insultos e ataques habituais, e vai ser aplaudido \u00e0 moda da Coreia do Norte, e ecoar\u00e1 como trov\u00e3o em tempestade de fanatismo, o Eu Eu Eu.<\/p>\n\n\n\n<p>Sabemos quanto a verdade incomoda, temos e certeza de como \u00e9 esperada diariamente a Tribuna de Angola, o &#8220;B\u00e9tinho&#8221;, o &#8220;Miau&#8221;, o &#8220;Totozinho&#8221; o &#8220;Oportunista&#8221; o Idiota&#8221; banalizaram-se, e as interroga\u00e7\u00f5es no Com\u00edcio quiseram ser resposta \u00e0 informa\u00e7\u00e3o de mobiliza\u00e7\u00e3o interprovincial. N\u00e3o nos impressiona o Y\u00ea Y\u00ea Y\u00ea, muito menos respostas ensaiadas, o triste e criminoso \u00e9 atrair multid\u00f5es a Luanda, abandon\u00e1-las, escraviz\u00e1-las, e contribui para prolifera\u00e7\u00e3o de bairros clandestinos na capital, com consequ\u00eancias desastrosas no problema demogr\u00e1fico nacional. A isto chama-se irresponsabilidade pol\u00edtica e at\u00e9 criminal.<\/p>\n\n\n\n<p>O ru\u00eddo silencioso do medo faz-se sentir em cada palmo do SOVISMO, as listas est\u00e3o paralisadas, h\u00e1 amea\u00e7as, insultos, os sonhos a prazo est\u00e3o a tornar-se pesadelos, e adivinha-se uma fragmenta\u00e7\u00e3o ensurdecedora de consequ\u00eancias imprevis\u00edveis, poder\u00e1 haver muito mais que dissid\u00eancias. O MPLA ao anunciar uma mulher para Vice Presidente da Rep\u00fablica, criou uma press\u00e3o inesperada na UNITA\/FPU, j\u00e1 havia insatisfa\u00e7\u00e3o pela perspetiva de as mulheres serem relegadas para segundo plano, mas agora \u00e9 um Calcanhar de Aquiles que pode ser fatal.<\/p>\n","protected":false},"excerpt":{"rendered":"<p>\u00c0 frente vai o bispo, os servidores carregam o P\u00e1lio, os indigentes levam o andor, ungido pela loucura da cegueira dos fan\u00e1ticos, no pedestal vai ACJ &#8220;B\u00e9tinho&#8221; adornado com o manto ilustrativo do p\u00e2ntano nauseabundo, de onde exala a p\u00e9rfida fragr\u00e2ncia que intoxica a arquibancada geral. Pensar a Na\u00e7\u00e3o \u00e9 a luva encomendada para calar [&hellip;]<\/p>\n","protected":false},"author":5,"featured_media":6836,"comment_status":"closed","ping_status":"closed","sticky":false,"template":"","format":"standard","meta":{"inline_featured_image":false,"footnotes":""},"categories":[105,21],"tags":[491,1082,24,122,121,478,1235,1500,25],"class_list":["post-6834","post","type-post","status-publish","format-standard","has-post-thumbnail","hentry","category-noticias","category-opiniao","tag-acj","tag-fpu","tag-galo-negro","tag-lukamba-gato","tag-mpla","tag-oligarquia","tag-sovismo","tag-tribuna","tag-unita"],"_links":{"self":[{"href":"https:\/\/tribunadeangola.org\/index.php?rest_route=\/wp\/v2\/posts\/6834","targetHints":{"allow":["GET"]}}],"collection":[{"href":"https:\/\/tribunadeangola.org\/index.php?rest_route=\/wp\/v2\/posts"}],"about":[{"href":"https:\/\/tribunadeangola.org\/index.php?rest_route=\/wp\/v2\/types\/post"}],"author":[{"embeddable":true,"href":"https:\/\/tribunadeangola.org\/index.php?rest_route=\/wp\/v2\/users\/5"}],"replies":[{"embeddable":true,"href":"https:\/\/tribunadeangola.org\/index.php?rest_route=%2Fwp%2Fv2%2Fcomments&post=6834"}],"version-history":[{"count":1,"href":"https:\/\/tribunadeangola.org\/index.php?rest_route=\/wp\/v2\/posts\/6834\/revisions"}],"predecessor-version":[{"id":6837,"href":"https:\/\/tribunadeangola.org\/index.php?rest_route=\/wp\/v2\/posts\/6834\/revisions\/6837"}],"wp:featuredmedia":[{"embeddable":true,"href":"https:\/\/tribunadeangola.org\/index.php?rest_route=\/wp\/v2\/media\/6836"}],"wp:attachment":[{"href":"https:\/\/tribunadeangola.org\/index.php?rest_route=%2Fwp%2Fv2%2Fmedia&parent=6834"}],"wp:term":[{"taxonomy":"category","embeddable":true,"href":"https:\/\/tribunadeangola.org\/index.php?rest_route=%2Fwp%2Fv2%2Fcategories&post=6834"},{"taxonomy":"post_tag","embeddable":true,"href":"https:\/\/tribunadeangola.org\/index.php?rest_route=%2Fwp%2Fv2%2Ftags&post=6834"}],"curies":[{"name":"wp","href":"https:\/\/api.w.org\/{rel}","templated":true}]}}