{"id":6831,"date":"2022-05-23T09:52:10","date_gmt":"2022-05-23T08:52:10","guid":{"rendered":"https:\/\/tribunadeangola.org\/?p=6831"},"modified":"2022-05-26T20:53:39","modified_gmt":"2022-05-26T19:53:39","slug":"o-avanco-do-atraso","status":"publish","type":"post","link":"https:\/\/tribunadeangola.org\/?p=6831","title":{"rendered":"O avan\u00e7o do atraso"},"content":{"rendered":"\n<p class=\"has-drop-cap\">Da subservi\u00eancia colonial de Muangai, \u00e0s conversas \u00e0 volta da fogueira em Massive, na Ulha ou na Jamba, \u00e0s reuni\u00f5es da Vila Alice com a emin\u00eancia parda do Partido, ao discurso do imperador de barro ACJ &#8220;B\u00e9tinho&#8221;, a UNITA \u00e9 definitivamente um somat\u00f3rio de contradi\u00e7\u00f5es insan\u00e1veis, uma seita retr\u00f3grada incapaz de abandonar a pol\u00edtica ruralista e posicionar-se nas exig\u00eancias de um tempo novo.<\/p>\n\n\n\n<p>Os chav\u00f5es program\u00e1ticos explosivos, o sub-rept\u00edcio apelo \u00e0 indigna\u00e7\u00e3o e revolta, a petul\u00e2ncia da sistem\u00e1tica afronta \u00e0 Lei, a agress\u00e3o \u00e0s Institui\u00e7\u00f5es e o insulto pessoal aos mais altos magistrados da Na\u00e7\u00e3o, caracterizam sem sofismas, o Galo Negro numa associa\u00e7\u00e3o de terrorismo pol\u00edtico.<\/p>\n\n\n\n<p>1 &#8211; N\u00e3o se pode falar da grandeza de Angola de Cabinda ao Cunene, do Atl\u00e2ntico a Nerriquinha, e subir para um palanque e tagarelar no separatismo das Lundas e de Cabinda. S\u00f3 na cabe\u00e7a do tribalista, racista e belicista Lukamba &#8220;Miau&#8221; Gato, possa mandar o seu porta-voz ACJ &#8220;B\u00e9tinho&#8221; exaltar tal blasf\u00e9mia, cumprindo uma exig\u00eancia da Igreja Cat\u00f3lica, que quer dominar Cabinda, e absurdo ou n\u00e3o, Abel &#8220;Totozinho&#8221; Chivukuvuku estava em Roma ajoelhado ao Papa Francisco nas audi\u00eancias semanais \u00e0s quartas-feiras ao povo cat\u00f3lico em geral, oferecendo ao Sumo Pont\u00edfice um quadro de Angola sem Cabinda. Em qualquer pa\u00eds moderno o separatismo \u00e9 crime, em Angola n\u00e3o \u00e9 exce\u00e7\u00e3o, e as fronteiras inviol\u00e1veis, est\u00e3o plasmadas na Carta da OUA desde a sua funda\u00e7\u00e3o, hoje UA, outorgada por Angola em momento em que a UNITA desafiava a integridade nacional.<\/p>\n\n\n\n<p>2 &#8211; Apoiar o Campo para Beneficiar a Cidade. Mais um slogan perdido no tempo que mostra quanto a UNITA se perdeu no tempo, e continua amarrada \u00e0 sua raiz camponesa, Angola tem em curso uma Reforma Agr\u00e1ria que consiste na valoriza\u00e7\u00e3o da terra e dignifica\u00e7\u00e3o do homem. Os jovens necessitam de forma\u00e7\u00e3o, conhecimento, n\u00e3o se lhes pode negar a modernidade, a ci\u00eancia, e a agricultura de enxada e charrua j\u00e1 \u00e9 pr\u00e9-hist\u00f3rica, isso faz-se na horta de casa no quintal, o campo est\u00e1 industrializado, precisa de centralidades para atrair t\u00e9cnicos, investidores, aeroportos, portos, caminhos de ferro, enfim uma s\u00e9rie de infraestruturas que urge implementar e restaurar em zonas do pa\u00eds onde a UNITA reduziu tudo a escombros. \u00c9 normal\u00edssimo que a UNITA\/FPU apele \u00e0 lavra, h\u00e1 um mundo que evoluiu, mas passou-lhes ao lado, a ignor\u00e2ncia \u00e9 perigosa, talvez por isso n\u00e3o consigam adaptar-se a um Processo Eleitoral livre e democr\u00e1tico, para os energ\u00famenos kwatchas a campanha \u00e9 uma guerra sem lei, at\u00e9 pensam que os generais da sanzala iriam substituir os das For\u00e7as Armadas de Angola, como se fosse uma organiza\u00e7\u00e3o pol\u00edtica. Valha-nos Deus.<\/p>\n\n\n\n<p>Nenhum pa\u00eds no mundo n\u00e3o tem car\u00eancias na sa\u00fade, na educa\u00e7\u00e3o, no emprego, no investimento, s\u00e3o generalidades que exigem permanente aten\u00e7\u00e3o, ningu\u00e9m est\u00e1 imune a Pandemias, Guerras, Oscila\u00e7\u00f5es de Mercado, s\u00e3o flutua\u00e7\u00f5es constantes que derivam de acontecimentos terceiros, n\u00e3o se resolvem com generalidades apontando o dedo. Resolver como? Com quem?&nbsp; A UNITA movimenta-se entre Viana e o Cazenga, Angola alarga-se no mundo pela estrat\u00e9gia e rumo imprimidos pelo Presidente Jo\u00e3o Louren\u00e7o, o pa\u00eds procura parcerias para o desenvolvimento, ACJ &#8220;B\u00e9tinho&#8221;, Lukamba &#8220;Miau&#8221; Gato, Abel &#8220;Totozinho&#8221; Chivukuvuku procuram sabotadores, e pagam a especialistas em inform\u00e1tica para boicotar o Governo.<\/p>\n\n\n\n<p>\u00c9 esta triste realidade que mais uma vez sobressaiu da faladura do Cazenga, felizmente nem todos os kwatchas concordam com a agress\u00e3o e muitos n\u00e3o toleram o analfabetismo pol\u00edtico funcional, nos pr\u00f3ximos dias assistiremos a dissid\u00eancias de destaque, vai instalar-se a agressividade e o desespero, v\u00e3o ser veladas amea\u00e7as para calar a indigna\u00e7\u00e3o, mas os mais l\u00facidos j\u00e1 preveem a inevit\u00e1vel derrota.<\/p>\n","protected":false},"excerpt":{"rendered":"<p>Da subservi\u00eancia colonial de Muangai, \u00e0s conversas \u00e0 volta da fogueira em Massive, na Ulha ou na Jamba, \u00e0s reuni\u00f5es da Vila Alice com a emin\u00eancia parda do Partido, ao discurso do imperador de barro ACJ &#8220;B\u00e9tinho&#8221;, a UNITA \u00e9 definitivamente um somat\u00f3rio de contradi\u00e7\u00f5es insan\u00e1veis, uma seita retr\u00f3grada incapaz de abandonar a pol\u00edtica ruralista [&hellip;]<\/p>\n","protected":false},"author":5,"featured_media":6832,"comment_status":"closed","ping_status":"closed","sticky":false,"template":"","format":"standard","meta":{"inline_featured_image":false,"footnotes":""},"categories":[105,21],"tags":[327,491,89,559,1577,1082,24,122,609,750,25],"class_list":["post-6831","post","type-post","status-publish","format-standard","has-post-thumbnail","hentry","category-noticias","category-opiniao","tag-abel-chivukuvuku","tag-acj","tag-angola","tag-cabinda","tag-cazenga","tag-fpu","tag-galo-negro","tag-lukamba-gato","tag-lundas","tag-terrorismo","tag-unita"],"_links":{"self":[{"href":"https:\/\/tribunadeangola.org\/index.php?rest_route=\/wp\/v2\/posts\/6831","targetHints":{"allow":["GET"]}}],"collection":[{"href":"https:\/\/tribunadeangola.org\/index.php?rest_route=\/wp\/v2\/posts"}],"about":[{"href":"https:\/\/tribunadeangola.org\/index.php?rest_route=\/wp\/v2\/types\/post"}],"author":[{"embeddable":true,"href":"https:\/\/tribunadeangola.org\/index.php?rest_route=\/wp\/v2\/users\/5"}],"replies":[{"embeddable":true,"href":"https:\/\/tribunadeangola.org\/index.php?rest_route=%2Fwp%2Fv2%2Fcomments&post=6831"}],"version-history":[{"count":1,"href":"https:\/\/tribunadeangola.org\/index.php?rest_route=\/wp\/v2\/posts\/6831\/revisions"}],"predecessor-version":[{"id":6833,"href":"https:\/\/tribunadeangola.org\/index.php?rest_route=\/wp\/v2\/posts\/6831\/revisions\/6833"}],"wp:featuredmedia":[{"embeddable":true,"href":"https:\/\/tribunadeangola.org\/index.php?rest_route=\/wp\/v2\/media\/6832"}],"wp:attachment":[{"href":"https:\/\/tribunadeangola.org\/index.php?rest_route=%2Fwp%2Fv2%2Fmedia&parent=6831"}],"wp:term":[{"taxonomy":"category","embeddable":true,"href":"https:\/\/tribunadeangola.org\/index.php?rest_route=%2Fwp%2Fv2%2Fcategories&post=6831"},{"taxonomy":"post_tag","embeddable":true,"href":"https:\/\/tribunadeangola.org\/index.php?rest_route=%2Fwp%2Fv2%2Ftags&post=6831"}],"curies":[{"name":"wp","href":"https:\/\/api.w.org\/{rel}","templated":true}]}}