{"id":6662,"date":"2022-04-29T11:49:33","date_gmt":"2022-04-29T10:49:33","guid":{"rendered":"https:\/\/tribunadeangola.org\/?p=6662"},"modified":"2022-05-04T14:43:42","modified_gmt":"2022-05-04T13:43:42","slug":"onu-e-angola","status":"publish","type":"post","link":"https:\/\/tribunadeangola.org\/?p=6662","title":{"rendered":"ONU e Angola"},"content":{"rendered":"\n<p class=\"has-drop-cap\">H\u00e1 muito que se fala numa remodela\u00e7\u00e3o ou altera\u00e7\u00f5es na forma de funcionamento das Na\u00e7\u00f5es Unidas, neste \u00e2mbito come\u00e7a a debater-se a cria\u00e7\u00e3o do Conselho Militar de Paz. Ao contr\u00e1rio do Conselho de Seguran\u00e7a, onde h\u00e1 pa\u00edses com direito a veto, as Resolu\u00e7\u00f5es deste \u00d3rg\u00e3o seriam tomadas por maioria qualificada de dois ter\u00e7os.<\/p>\n\n\n\n<p>A composi\u00e7\u00e3o contaria em regime de perman\u00eancia com os EUA, R\u00fassia, China, Reino Unido, Fran\u00e7a, j\u00e1 fixos no Conselho de Seguran\u00e7a, com a \u00cdndia, Turquia, Brasil, Austr\u00e1lia e Angola, e mais cinco rotativos aprovados em Assembleia Geral por mandatos de dois anos.<\/p>\n\n\n\n<p>Inicialmente \u00c1frica estava no esbo\u00e7o representada pela Nig\u00e9ria, pa\u00eds mais populoso do Continente e previsivelmente um dos tr\u00eas de maior densidade demogr\u00e1fica no mundo durante o s\u00e9c.&nbsp;XXI. Angola foi consensual pela sua estabilidade, previsibilidade, e sobretudo credibilidade e prest\u00edgio conquistado no mandato do Presidente Jo\u00e3o Louren\u00e7o.<\/p>\n\n\n\n<p>A ideia \u00e9 sentar \u00e0 mesa o poderio militar, e fazer depender deste \u00d3rg\u00e3o o envio de Capacetes Azuis para onde for necess\u00e1rio. Os EUA e a R\u00fassia pela voz direta de Vladimir Putin j\u00e1 h\u00e1 aprova\u00e7\u00e3o, falta a posi\u00e7\u00e3o da China, embora ainda haja um longo caminho a percorrer, Canad\u00e1, Jap\u00e3o, Alemanha e Israel, tamb\u00e9m querem assento permanente, podem ter peso pela capacidade or\u00e7amental para o funcionamento do mesmo.<\/p>\n\n\n\n<p>Apraz-nos registar o consenso por Angola, um pa\u00eds eminentemente crist\u00e3o, pac\u00edfico, dotado de umas For\u00e7as Armadas&nbsp;coesas, cada vez mais uma pot\u00eancia regional, e um desenvolvimento impar\u00e1vel, e a previsibilidade de n\u00e3o haver altera\u00e7\u00f5es significativas nos pr\u00f3ximos tempos.<\/p>\n\n\n\n<p>Aguardemos que os fogachos ruidosos ensaiados em coro no SOVISMO, e a pose inflamada de ACJ &#8220;B\u00e9tinho\u201d impulsionada pelo seu ego, n\u00e3o fa\u00e7a recrudescer a arrua\u00e7a que mobiliza a oligarquia d\u00e9spota familiar liderada&nbsp;pelo sinaleiro Lukamba &#8220;Miau&#8221; Gato, nem pelos mercen\u00e1rios como o senil Marcolino Moco ou o idiota Ra\u00fas Dinis.<\/p>\n\n\n\n<p>Definitivamente declarada como nado morto, est\u00e1 a famigerada FPU, foi uma gravidez precoce, ef\u00e9mera, mas que deixa marcas no nicho de estrat\u00e9gias e trai\u00e7\u00f5es pr\u00f3prias dos tiranos da Jamba, sobrou uma UNITA em cacos, sem credibilidade, e um Abel Chivukuvuku trucidado&nbsp;pela sua cega ambi\u00e7\u00e3o. Adensa-se a agita\u00e7\u00e3o interna no Galo Negro, desenham-se cen\u00e1rios, mas a falta de um projecto, de uma ideia de governo, trilha-se a ilus\u00e3o, e o veneno vem \u00e0 tona porque a raz\u00e3o e a realidade s\u00e3o insepar\u00e1veis da verdade.<\/p>\n","protected":false},"excerpt":{"rendered":"<p>H\u00e1 muito que se fala numa remodela\u00e7\u00e3o ou altera\u00e7\u00f5es na forma de funcionamento das Na\u00e7\u00f5es Unidas, neste \u00e2mbito come\u00e7a a debater-se a cria\u00e7\u00e3o do Conselho Militar de Paz. Ao contr\u00e1rio do Conselho de Seguran\u00e7a, onde h\u00e1 pa\u00edses com direito a veto, as Resolu\u00e7\u00f5es deste \u00d3rg\u00e3o seriam tomadas por maioria qualificada de dois ter\u00e7os. A composi\u00e7\u00e3o [&hellip;]<\/p>\n","protected":false},"author":5,"featured_media":6663,"comment_status":"closed","ping_status":"closed","sticky":false,"template":"","format":"standard","meta":{"inline_featured_image":false,"footnotes":""},"categories":[105,21],"tags":[327,491,162,89,1954,1082,24,33,122,436,1216,612,474,1350,1235],"class_list":["post-6662","post","type-post","status-publish","format-standard","has-post-thumbnail","hentry","category-noticias","category-opiniao","tag-abel-chivukuvuku","tag-acj","tag-africa","tag-angola","tag-conselho-de-seguranca","tag-fpu","tag-galo-negro","tag-joao-lourenco","tag-lukamba-gato","tag-marcolino-moco","tag-nacoes-unidas","tag-onu","tag-paz","tag-raul-dinis","tag-sovismo"],"_links":{"self":[{"href":"https:\/\/tribunadeangola.org\/index.php?rest_route=\/wp\/v2\/posts\/6662","targetHints":{"allow":["GET"]}}],"collection":[{"href":"https:\/\/tribunadeangola.org\/index.php?rest_route=\/wp\/v2\/posts"}],"about":[{"href":"https:\/\/tribunadeangola.org\/index.php?rest_route=\/wp\/v2\/types\/post"}],"author":[{"embeddable":true,"href":"https:\/\/tribunadeangola.org\/index.php?rest_route=\/wp\/v2\/users\/5"}],"replies":[{"embeddable":true,"href":"https:\/\/tribunadeangola.org\/index.php?rest_route=%2Fwp%2Fv2%2Fcomments&post=6662"}],"version-history":[{"count":1,"href":"https:\/\/tribunadeangola.org\/index.php?rest_route=\/wp\/v2\/posts\/6662\/revisions"}],"predecessor-version":[{"id":6664,"href":"https:\/\/tribunadeangola.org\/index.php?rest_route=\/wp\/v2\/posts\/6662\/revisions\/6664"}],"wp:featuredmedia":[{"embeddable":true,"href":"https:\/\/tribunadeangola.org\/index.php?rest_route=\/wp\/v2\/media\/6663"}],"wp:attachment":[{"href":"https:\/\/tribunadeangola.org\/index.php?rest_route=%2Fwp%2Fv2%2Fmedia&parent=6662"}],"wp:term":[{"taxonomy":"category","embeddable":true,"href":"https:\/\/tribunadeangola.org\/index.php?rest_route=%2Fwp%2Fv2%2Fcategories&post=6662"},{"taxonomy":"post_tag","embeddable":true,"href":"https:\/\/tribunadeangola.org\/index.php?rest_route=%2Fwp%2Fv2%2Ftags&post=6662"}],"curies":[{"name":"wp","href":"https:\/\/api.w.org\/{rel}","templated":true}]}}