{"id":6643,"date":"2022-04-26T10:01:23","date_gmt":"2022-04-26T09:01:23","guid":{"rendered":"https:\/\/tribunadeangola.org\/?p=6643"},"modified":"2022-04-29T11:50:41","modified_gmt":"2022-04-29T10:50:41","slug":"tempestade-arrasadora","status":"publish","type":"post","link":"https:\/\/tribunadeangola.org\/?p=6643","title":{"rendered":"Tempestade arrasadora"},"content":{"rendered":"\n<p class=\"has-drop-cap\">A Tribuna de Angola n\u00e3o \u00e9 fruto de oportunismo pol\u00edtico nem causa desconforto por acaso, \u00e9 livre, frontal, \u00e9 express\u00e3o de quem nela e com ela colabora convictamente, factualmente movida pela informa\u00e7\u00e3o e opini\u00e3o no esplendor da liberdade, da\u00ed a estranheza de quem na clandestinidade n\u00e3o entende os alicerces de democracia.<\/p>\n\n\n\n<p>Nunca fui submetido a caprichos de uma ideia fixa, ligaram-me \u00e0 UNITA muitos anos da minha vida, fui pioneiro em muito da sua actividade e expans\u00e3o, fi-lo por Angola, pelo meu ch\u00e3o, fui sempre uma voz cr\u00edtica a Jos\u00e9 Eduardo dos Santos, emprestei a minha voz em Angola ou no Trocadero em Paris, mas sou hoje um angolano reconhecido \u00e0 presid\u00eancia de Jo\u00e3o Louren\u00e7o que, sem agress\u00f5es, deu passos gigantescos para a consolida\u00e7\u00e3o da Paz, permitiu uma sepultura digna a Jonas Savimbi e seus disc\u00edpulos tombados, enfrentou uma seita corrupta insaci\u00e1vel, e sobretudo, devolve a Angola a estabilidade, credibilidade, dignidade, e respeitabilidade do concerto das Na\u00e7\u00f5es.<\/p>\n\n\n\n<p>Angola desfruta hoje de ambiente prop\u00edcio ao investimento, tem as finan\u00e7as p\u00fablicas controladas, na semana finda o BNA recomprou divisas aos bancos, coisa impens\u00e1vel h\u00e1 bem pouco tempo, e a Luanda convergem altos dignat\u00e1rios de governos de todo mundo interessados em parcerias com Angola.&nbsp;<\/p>\n\n\n\n<p>Conseguir todos estes desideratos num \u00fanico mandato, com o pre\u00e7o do petr\u00f3leo a m\u00ednimos&nbsp;hist\u00f3ricos, uma Pandemia a ceifar metade do mandato, e com uma persistente clandestinidade subversiva liderada pelo maior Partido da oposi\u00e7\u00e3o, supera todas as arbitrariedades, sabotagens, insultos e acusa\u00e7\u00f5es, provindas de racistas, separatistas, e mercen\u00e1rios como ACJ &#8220;B\u00e9tinho&#8221;&nbsp;e Lukamba&nbsp;&#8220;Miau&#8221; Gato, ao servi\u00e7o dos especuladores do saque internacionais.<\/p>\n\n\n\n<p>Jo\u00e3o Louren\u00e7o foi quebrando barreiras profundamente alicer\u00e7adas na sociedade angolana, quebraram-se mitos e tabus, mas o desassossego continua, e a confirma\u00e7\u00e3o est\u00e1 na constata\u00e7\u00e3o dos oportunistas camuflados que v\u00e3o deixando escravos e desprotegidos pelo caminho, ludibriando-os com mentiras, encena\u00e7\u00f5es e omiss\u00f5es, e amea\u00e7ando quem tem tido a coragem de os desmascarar, sem medo nem cedendo a recados de chantagem amea\u00e7adores.<\/p>\n\n\n\n<p>\u00c9 verdade que N\u00e9lito&nbsp;\u00c9kukui e Adriano Sapi\u00f1ala compraram um apartamento de luxo cada um em Portugal, como \u00e9 verdade que foi Adalberto Costa J\u00fanior &#8220;B\u00e9tinho&#8221;&nbsp;que os pagou a partir de uma conta Offshore, e tem um terceiro sinalizado que, dizem, ser para Navita Ngolo, filha de Eug\u00e9nio&nbsp;Manuvakola. Hoje sabe-se que dos milh\u00f5es de fundos captados&nbsp;pela UNITA, uma parte foi gasta no foguet\u00f3rio de ACJ &#8220;B\u00e9tinho&#8221;&nbsp;na sua promo\u00e7\u00e3o pessoal, mas o grosso \u00e9 gerido por ele pessoalmente&nbsp;sem dar contas a ningu\u00e9m, subornando os seus c\u00famplices.<\/p>\n\n\n\n<p>A colagem \u00e0 Extrema Direita na Hungria, e o comportamento extravagante em Budapeste, causaram mal estar em meios indefect\u00edveis da UNITA, e mesmo a matriarca Savimbi, a voz da fam\u00edlia do fundador, Helena Sakaita, distancia-se deste Galo Negro, e entende que estes kwatchas n\u00e3o s\u00e3o mercedores de credibilidade. Mesmo em Lisboa, o grupo neo-colonizador liderado por Jo\u00e3o Soares, detestou a colagem de ACJ &#8220;B\u00e9tinho&#8221;&nbsp;ao extremismo de Viktor \u00d3rban,&nbsp;e traduz-se mesmo que a ac\u00e7\u00e3o subversiva est\u00e1 a deixar a UNITA e a oligarquia d\u00e9spota familiar, cada vez mais isolada, cada vez mais sozinha.<\/p>\n\n\n\n<p>A tempestade come\u00e7ou cedo demais, silenciaram-se os trov\u00f5es, dissiparam-se as nuvens negras, \u00e9 tempo de um tempo novo, um tempo onde desponte o sol para todos, num palco azul da cor do c\u00e9u, raiando&nbsp;nos campos verdes da esperan\u00e7a, que coloque um sorriso no rosto de cada crian\u00e7a da nossa terra, com os olhos postos no futuro.<\/p>\n","protected":false},"excerpt":{"rendered":"<p>A Tribuna de Angola n\u00e3o \u00e9 fruto de oportunismo pol\u00edtico nem causa desconforto por acaso, \u00e9 livre, frontal, \u00e9 express\u00e3o de quem nela e com ela colabora convictamente, factualmente movida pela informa\u00e7\u00e3o e opini\u00e3o no esplendor da liberdade, da\u00ed a estranheza de quem na clandestinidade n\u00e3o entende os alicerces de democracia. Nunca fui submetido a [&hellip;]<\/p>\n","protected":false},"author":5,"featured_media":6644,"comment_status":"closed","ping_status":"closed","sticky":false,"template":"","format":"standard","meta":{"inline_featured_image":false,"footnotes":""},"categories":[105,21],"tags":[491,28,651,89,373,208,33,518,829,399,122,331,1240,1283,157,478,170,271,1951,25],"class_list":["post-6643","post","type-post","status-publish","format-standard","has-post-thumbnail","hentry","category-noticias","category-opiniao","tag-acj","tag-adalberto-costa-junior","tag-adriano-sapinala","tag-angola","tag-bna","tag-democracia","tag-joao-lourenco","tag-joao-soares","tag-kwatchas","tag-luanda","tag-lukamba-gato","tag-manuvakola","tag-navita-ngolo","tag-nelito-ekuiki","tag-offshore","tag-oligarquia","tag-pandemia","tag-petroleo","tag-tempestade","tag-unita"],"_links":{"self":[{"href":"https:\/\/tribunadeangola.org\/index.php?rest_route=\/wp\/v2\/posts\/6643","targetHints":{"allow":["GET"]}}],"collection":[{"href":"https:\/\/tribunadeangola.org\/index.php?rest_route=\/wp\/v2\/posts"}],"about":[{"href":"https:\/\/tribunadeangola.org\/index.php?rest_route=\/wp\/v2\/types\/post"}],"author":[{"embeddable":true,"href":"https:\/\/tribunadeangola.org\/index.php?rest_route=\/wp\/v2\/users\/5"}],"replies":[{"embeddable":true,"href":"https:\/\/tribunadeangola.org\/index.php?rest_route=%2Fwp%2Fv2%2Fcomments&post=6643"}],"version-history":[{"count":2,"href":"https:\/\/tribunadeangola.org\/index.php?rest_route=\/wp\/v2\/posts\/6643\/revisions"}],"predecessor-version":[{"id":6646,"href":"https:\/\/tribunadeangola.org\/index.php?rest_route=\/wp\/v2\/posts\/6643\/revisions\/6646"}],"wp:featuredmedia":[{"embeddable":true,"href":"https:\/\/tribunadeangola.org\/index.php?rest_route=\/wp\/v2\/media\/6644"}],"wp:attachment":[{"href":"https:\/\/tribunadeangola.org\/index.php?rest_route=%2Fwp%2Fv2%2Fmedia&parent=6643"}],"wp:term":[{"taxonomy":"category","embeddable":true,"href":"https:\/\/tribunadeangola.org\/index.php?rest_route=%2Fwp%2Fv2%2Fcategories&post=6643"},{"taxonomy":"post_tag","embeddable":true,"href":"https:\/\/tribunadeangola.org\/index.php?rest_route=%2Fwp%2Fv2%2Ftags&post=6643"}],"curies":[{"name":"wp","href":"https:\/\/api.w.org\/{rel}","templated":true}]}}