{"id":6542,"date":"2022-04-18T10:36:34","date_gmt":"2022-04-18T09:36:34","guid":{"rendered":"https:\/\/tribunadeangola.org\/?p=6542"},"modified":"2022-04-21T09:10:08","modified_gmt":"2022-04-21T08:10:08","slug":"a-opera-bufa-1","status":"publish","type":"post","link":"https:\/\/tribunadeangola.org\/?p=6542","title":{"rendered":"A \u00f3pera bufa 1"},"content":{"rendered":"\n<p class=\"has-drop-cap\">Um grupo de dinossauros rejeitados e ressabiados, alienados aos investidores especulativos que procuram&nbsp;desesperadamente renovar o saque em Angola, foram instru\u00eddos para levarem ao colo, numa a\u00e7\u00e3o clara de culto de personalidade, o l\u00edder da UNITA ACJ &#8220;B\u00e9tinho&#8221;.&nbsp;<\/p>\n\n\n\n<p>Pensar Angola \u00e9 um hino ao disfarce com objectivo de recuar o pa\u00eds para tempos idos, a agenda est\u00e1 estampada de banalidades que, nas entrelinhas, nota-se o prop\u00f3sito de alterar a Constitui\u00e7\u00e3o da Rep\u00fablica onde se consagrem princ\u00edpios e valores que fragilizam&nbsp;a consuma\u00e7\u00e3o da influ\u00eancia externa, sen\u00e3o vejamos os sinais retr\u00f3grados&nbsp;preocupantes que podem cercear a liberdade dos cidad\u00e3os.<\/p>\n\n\n\n<p>A pe\u00e7a \u00e9 extensa e obedecendo aos prop\u00f3sitos definidos na pauta obrigat\u00f3ria, come\u00e7a, num Estado Laico, com uma missa cat\u00f3lica apost\u00f3lica romana, numa clara subjuga\u00e7\u00e3o ao clero, que n\u00e3o esconde o \u00edmpeto&nbsp;monopolizador da religi\u00e3o. \u00c9 um insulto, uma afronta, \u00e0 liberdade religiosa quando a hist\u00f3ria nos mostra os s\u00edmbolos cat\u00f3licos como for\u00e7a motriz da coloniza\u00e7\u00e3o e da escravatura.<\/p>\n\n\n\n<p>A implanta\u00e7\u00e3o aut\u00e1rquica assente numa anarquia \u00e9 uma forma de cria\u00e7\u00e3o de feudos, incentivar separatismos vulner\u00e1veis a interesses externos, fazendo do territ\u00f3rio uma manta de retalhos a exemplo da RDC, e \u00e9 tamb\u00e9m, uma forma de desresponsabilizar o Poder Central na capacidade de governa\u00e7\u00e3o.<\/p>\n\n\n\n<p>A revis\u00e3o constitucional \u00e9 um dos objetivos claros de ACJ &#8220;B\u00e9tinho&#8221;,&nbsp;ele desconfia cada vez mais da UNITA, chama mesmo de &#8220;grupo de matumbos&#8221; nos seus contactos internacionais, precisa de instrumentos que perpetuem o poder sem depend\u00eancia partid\u00e1ria, ele sabe que os dinossauros que o acompanham nesta jornada, pessoalmente, nada pesam em votos.<\/p>\n\n\n\n<p>\u00c9 cada vez mais not\u00f3rio o seu apelo&nbsp;\u00e0 di\u00e1spora, melhor do que ningu\u00e9m sabe que n\u00e3o tem quadros em Angola no seu rol de apoiantes, e sendo esta \u00d3pera uma cal\u00e7adeira para formatar a sua vacuidade, \u00e9 estranho, tamb\u00e9m, que esteja a planear uma viagem \u00e0 Europa nas mesmas datas, t\u00e1ctica do disfarce e da vitimiza\u00e7\u00e3o.<\/p>\n\n\n\n<p>No meio de tanta algazarra e tanta verborreia, n\u00e3o sobressai uma proposta de governo, uma ideia clara para o futuro, o Pensar Angola surge no momento em que se sepultou a FPU e se silenciaram vozes sonantes do Galo Negro, nada que seja uma surpresa, como surpresa n\u00e3o ser\u00e1 o que est\u00e1 para vir, os sinais s\u00e3o cada vez mais reveladores que a n\u00e3o haver um trav\u00e3o, caminhamos para uma convuls\u00e3o social porque a UNITA, calaramente, n\u00e3o quer elei\u00e7\u00f5es. Temo que esta mensagem cada vez mais intensa de ACJ &#8220;B\u00e9tinho&#8221;,&nbsp;a n\u00e3o ser silenciada, possa vir a influenciar o investimento externo e agudizar a situa\u00e7\u00e3o social no pa\u00eds.<\/p>\n\n\n\n<p>Creio n\u00e3o enganar-me, no final da \u00d3pera Bufa, em apoteose detalhadamente&nbsp;ensaiada, aplaudir\u00e1 em un\u00edssono a estrela do palco de Viana, ACJ &#8220;B\u00e9tinho&#8221;&nbsp;confundindo a plateia com o Povo, dar\u00e1 o primeiro grande passo para a desgra\u00e7a.<\/p>\n\n\n\n<p>Amanh\u00e3 &#8211; \u00d3pera&nbsp;Bufa 2<\/p>\n","protected":false},"excerpt":{"rendered":"<p>Um grupo de dinossauros rejeitados e ressabiados, alienados aos investidores especulativos que procuram&nbsp;desesperadamente renovar o saque em Angola, foram instru\u00eddos para levarem ao colo, numa a\u00e7\u00e3o clara de culto de personalidade, o l\u00edder da UNITA ACJ &#8220;B\u00e9tinho&#8221;.&nbsp; Pensar Angola \u00e9 um hino ao disfarce com objectivo de recuar o pa\u00eds para tempos idos, a agenda [&hellip;]<\/p>\n","protected":false},"author":5,"featured_media":6543,"comment_status":"closed","ping_status":"closed","sticky":false,"template":"","format":"standard","meta":{"inline_featured_image":false,"footnotes":""},"categories":[105,21],"tags":[491,89,1912,215,24,1911,305,25],"class_list":["post-6542","post","type-post","status-publish","format-standard","has-post-thumbnail","hentry","category-noticias","category-opiniao","tag-acj","tag-angola","tag-bufa","tag-constituicao","tag-galo-negro","tag-opera","tag-povo","tag-unita"],"_links":{"self":[{"href":"https:\/\/tribunadeangola.org\/index.php?rest_route=\/wp\/v2\/posts\/6542","targetHints":{"allow":["GET"]}}],"collection":[{"href":"https:\/\/tribunadeangola.org\/index.php?rest_route=\/wp\/v2\/posts"}],"about":[{"href":"https:\/\/tribunadeangola.org\/index.php?rest_route=\/wp\/v2\/types\/post"}],"author":[{"embeddable":true,"href":"https:\/\/tribunadeangola.org\/index.php?rest_route=\/wp\/v2\/users\/5"}],"replies":[{"embeddable":true,"href":"https:\/\/tribunadeangola.org\/index.php?rest_route=%2Fwp%2Fv2%2Fcomments&post=6542"}],"version-history":[{"count":1,"href":"https:\/\/tribunadeangola.org\/index.php?rest_route=\/wp\/v2\/posts\/6542\/revisions"}],"predecessor-version":[{"id":6544,"href":"https:\/\/tribunadeangola.org\/index.php?rest_route=\/wp\/v2\/posts\/6542\/revisions\/6544"}],"wp:featuredmedia":[{"embeddable":true,"href":"https:\/\/tribunadeangola.org\/index.php?rest_route=\/wp\/v2\/media\/6543"}],"wp:attachment":[{"href":"https:\/\/tribunadeangola.org\/index.php?rest_route=%2Fwp%2Fv2%2Fmedia&parent=6542"}],"wp:term":[{"taxonomy":"category","embeddable":true,"href":"https:\/\/tribunadeangola.org\/index.php?rest_route=%2Fwp%2Fv2%2Fcategories&post=6542"},{"taxonomy":"post_tag","embeddable":true,"href":"https:\/\/tribunadeangola.org\/index.php?rest_route=%2Fwp%2Fv2%2Ftags&post=6542"}],"curies":[{"name":"wp","href":"https:\/\/api.w.org\/{rel}","templated":true}]}}