{"id":6437,"date":"2022-03-30T09:46:33","date_gmt":"2022-03-30T08:46:33","guid":{"rendered":"https:\/\/tribunadeangola.org\/?p=6437"},"modified":"2022-04-01T15:00:16","modified_gmt":"2022-04-01T14:00:16","slug":"espirito-democratico-de-joao-lourenco","status":"publish","type":"post","link":"https:\/\/tribunadeangola.org\/?p=6437","title":{"rendered":"Esp\u00edrito democr\u00e1tico de Jo\u00e3o Louren\u00e7o"},"content":{"rendered":"\n<p class=\"has-drop-cap\">Depois de ser ofendido e insultado quotidianamente por ACJ e os seus activistas de pacotilha, Jo\u00e3o Louren\u00e7o n\u00e3o hesitou e nomeou Adalberto como membro do Conselho da Rep\u00fablica.<\/p>\n\n\n\n<p>N\u00e3o h\u00e1 melhor exemplo de esp\u00edrito e toler\u00e2ncia democr\u00e1tica do que este.<\/p>\n\n\n\n<p>O homem que quer destruir a Rep\u00fablica \u00e9 chamado para o seu seio.<\/p>\n\n\n\n<p>Esperamos que lhe sirva de li\u00e7\u00e3o em como com a pura maledic\u00eancia e agress\u00e3o n\u00e3o chega a lado algum.<\/p>\n\n\n\n<p>Jo\u00e3o Louren\u00e7o encarna as virtudes da democracia que Angola necessita.<\/p>\n","protected":false},"excerpt":{"rendered":"<p>Depois de ser ofendido e insultado quotidianamente por ACJ e os seus activistas de pacotilha, Jo\u00e3o Louren\u00e7o n\u00e3o hesitou e nomeou Adalberto como membro do Conselho da Rep\u00fablica. N\u00e3o h\u00e1 melhor exemplo de esp\u00edrito e toler\u00e2ncia democr\u00e1tica do que este. O homem que quer destruir a Rep\u00fablica \u00e9 chamado para o seu seio. Esperamos que [&hellip;]<\/p>\n","protected":false},"author":1,"featured_media":6438,"comment_status":"closed","ping_status":"closed","sticky":false,"template":"","format":"standard","meta":{"inline_featured_image":false,"footnotes":""},"categories":[105,21],"tags":[346,28,89,208,33,1398],"class_list":["post-6437","post","type-post","status-publish","format-standard","has-post-thumbnail","hentry","category-noticias","category-opiniao","tag-activistas","tag-adalberto-costa-junior","tag-angola","tag-democracia","tag-joao-lourenco","tag-republica"],"_links":{"self":[{"href":"https:\/\/tribunadeangola.org\/index.php?rest_route=\/wp\/v2\/posts\/6437","targetHints":{"allow":["GET"]}}],"collection":[{"href":"https:\/\/tribunadeangola.org\/index.php?rest_route=\/wp\/v2\/posts"}],"about":[{"href":"https:\/\/tribunadeangola.org\/index.php?rest_route=\/wp\/v2\/types\/post"}],"author":[{"embeddable":true,"href":"https:\/\/tribunadeangola.org\/index.php?rest_route=\/wp\/v2\/users\/1"}],"replies":[{"embeddable":true,"href":"https:\/\/tribunadeangola.org\/index.php?rest_route=%2Fwp%2Fv2%2Fcomments&post=6437"}],"version-history":[{"count":1,"href":"https:\/\/tribunadeangola.org\/index.php?rest_route=\/wp\/v2\/posts\/6437\/revisions"}],"predecessor-version":[{"id":6439,"href":"https:\/\/tribunadeangola.org\/index.php?rest_route=\/wp\/v2\/posts\/6437\/revisions\/6439"}],"wp:featuredmedia":[{"embeddable":true,"href":"https:\/\/tribunadeangola.org\/index.php?rest_route=\/wp\/v2\/media\/6438"}],"wp:attachment":[{"href":"https:\/\/tribunadeangola.org\/index.php?rest_route=%2Fwp%2Fv2%2Fmedia&parent=6437"}],"wp:term":[{"taxonomy":"category","embeddable":true,"href":"https:\/\/tribunadeangola.org\/index.php?rest_route=%2Fwp%2Fv2%2Fcategories&post=6437"},{"taxonomy":"post_tag","embeddable":true,"href":"https:\/\/tribunadeangola.org\/index.php?rest_route=%2Fwp%2Fv2%2Ftags&post=6437"}],"curies":[{"name":"wp","href":"https:\/\/api.w.org\/{rel}","templated":true}]}}