{"id":6348,"date":"2022-03-08T21:20:38","date_gmt":"2022-03-08T21:20:38","guid":{"rendered":"https:\/\/tribunadeangola.org\/?p=6348"},"modified":"2022-03-16T20:12:39","modified_gmt":"2022-03-16T20:12:39","slug":"o-mito-de-adalberto","status":"publish","type":"post","link":"https:\/\/tribunadeangola.org\/?p=6348","title":{"rendered":"O mito de Adalberto"},"content":{"rendered":"\n<p class=\"has-drop-cap\">Instalou-se um absurdo mito sobre Adalberto Costa. Diz- se que fala bem e convence multid\u00f5es, e por isso, vai ganhar as elei\u00e7\u00f5es.<\/p>\n\n\n\n<p>Vamos ser s\u00e9rios. Esse Adalberto n\u00e3o existe. O que existe \u00e9 um falador que n\u00e3o tem uma ideia. Limita- se a papaguear. Tem o verbo f\u00e1cil de um padre de aldeia, mas n\u00e3o vai al\u00e9m disso.<\/p>\n\n\n\n<p>Alguma popularidade que a Unita tem n\u00e3o vem de Adalberto Costa, vem do inc\u00f3modo da popula\u00e7\u00e3o com as pol\u00edticas duras do FMI e do contra-ataque milion\u00e1rio que os corruptos fazem a Jo\u00e3o Louren\u00e7o devido ao combate \u00e0 corrup\u00e7\u00e3o.<\/p>\n\n\n\n<p>A retoma econ\u00f3mica que est\u00e1 a ocorrer vai provar que Adalberto n\u00e3o passa de um boneco de areia que ser\u00e1 levado pela \u00e1gua do mar.<\/p>\n\n\n\n<p>O povo j\u00e1 percebeu que Jo\u00e3o Louren\u00e7o o salvou da desgra\u00e7a e est\u00e1 em processo de reconcilia\u00e7\u00e3o.<\/p>\n","protected":false},"excerpt":{"rendered":"<p>Instalou-se um absurdo mito sobre Adalberto Costa. Diz- se que fala bem e convence multid\u00f5es, e por isso, vai ganhar as elei\u00e7\u00f5es. Vamos ser s\u00e9rios. Esse Adalberto n\u00e3o existe. O que existe \u00e9 um falador que n\u00e3o tem uma ideia. Limita- se a papaguear. Tem o verbo f\u00e1cil de um padre de aldeia, mas n\u00e3o [&hellip;]<\/p>\n","protected":false},"author":1,"featured_media":6349,"comment_status":"closed","ping_status":"closed","sticky":false,"template":"","format":"standard","meta":{"inline_featured_image":false,"footnotes":""},"categories":[105,21],"tags":[28,295,33,305],"class_list":["post-6348","post","type-post","status-publish","format-standard","has-post-thumbnail","hentry","category-noticias","category-opiniao","tag-adalberto-costa-junior","tag-fmi","tag-joao-lourenco","tag-povo"],"_links":{"self":[{"href":"https:\/\/tribunadeangola.org\/index.php?rest_route=\/wp\/v2\/posts\/6348","targetHints":{"allow":["GET"]}}],"collection":[{"href":"https:\/\/tribunadeangola.org\/index.php?rest_route=\/wp\/v2\/posts"}],"about":[{"href":"https:\/\/tribunadeangola.org\/index.php?rest_route=\/wp\/v2\/types\/post"}],"author":[{"embeddable":true,"href":"https:\/\/tribunadeangola.org\/index.php?rest_route=\/wp\/v2\/users\/1"}],"replies":[{"embeddable":true,"href":"https:\/\/tribunadeangola.org\/index.php?rest_route=%2Fwp%2Fv2%2Fcomments&post=6348"}],"version-history":[{"count":2,"href":"https:\/\/tribunadeangola.org\/index.php?rest_route=\/wp\/v2\/posts\/6348\/revisions"}],"predecessor-version":[{"id":6351,"href":"https:\/\/tribunadeangola.org\/index.php?rest_route=\/wp\/v2\/posts\/6348\/revisions\/6351"}],"wp:featuredmedia":[{"embeddable":true,"href":"https:\/\/tribunadeangola.org\/index.php?rest_route=\/wp\/v2\/media\/6349"}],"wp:attachment":[{"href":"https:\/\/tribunadeangola.org\/index.php?rest_route=%2Fwp%2Fv2%2Fmedia&parent=6348"}],"wp:term":[{"taxonomy":"category","embeddable":true,"href":"https:\/\/tribunadeangola.org\/index.php?rest_route=%2Fwp%2Fv2%2Fcategories&post=6348"},{"taxonomy":"post_tag","embeddable":true,"href":"https:\/\/tribunadeangola.org\/index.php?rest_route=%2Fwp%2Fv2%2Ftags&post=6348"}],"curies":[{"name":"wp","href":"https:\/\/api.w.org\/{rel}","templated":true}]}}