{"id":6227,"date":"2022-02-23T15:21:00","date_gmt":"2022-02-23T15:21:00","guid":{"rendered":"https:\/\/tribunadeangola.org\/?p=6227"},"modified":"2022-02-25T09:44:05","modified_gmt":"2022-02-25T09:44:05","slug":"sandra-gomes-e-versatilidade-e-profissionalismo","status":"publish","type":"post","link":"https:\/\/tribunadeangola.org\/?p=6227","title":{"rendered":"Sandra Gomes \u00e9 versatilidade e profissionalismo"},"content":{"rendered":"\n<p class=\"has-drop-cap\">Ela n\u00e3o est\u00e1 numa boa fase, \u00e9 verdade. Sandra Gomes confessou isso mesmo pouco antes do fim do ano. Contudo, sua positividade, o transmitir confian\u00e7a e energia positiva est\u00e3o presentes constantemente no seu quotidiano.<\/p>\n\n\n\n<p>A apresentadora e actriz ficou conhecida do grande p\u00fablico na novela angolana Jikulumessu transmitida em 2015 na TPA.<\/p>\n\n\n\n<p>Hoje em dia, \u00e9 apresentadora na esta\u00e7\u00e3o televisiva Zap, mas o que nos salta logo \u00e0 vista quando observamos a sua j\u00e1 respeit\u00e1vel carreira em termos de longevidade, \u00e9 a versatilidade, e acima de tudo profissionalismo.<\/p>\n\n\n\n<p>Recentemente celebrou o seu 29\u00ba anivers\u00e1rio consagrando o \u201cMundo da Barbie\u201d como tema dessa celebra\u00e7\u00e3o. Afinal de contas, Sandra autointitula-se a Barbie fora da Caixa, e \u00e9 desde longa data epitetada carinhosamente com esse nome pelos seus in\u00fameros f\u00e3s.<\/p>\n\n\n\n<p>A apresentadora do programa \u201cT\u00e1 bater\u201d, durante uma entrevista desvendou o mist\u00e9rio de estar sempre associada ao nome da boneca. Aproveitando para rebater algumas observa\u00e7\u00f5es que supostamente vivia de apar\u00eancias, Sandra explicou que \u00e9 simplesmente uma mulher com personalidade forte. \u201cPor isso, me nomeei Barbie fora da Caixa. Ao ser educada com uma boa base de valores morais e c\u00edvicos, fui sempre incentivada a n\u00e3o viver de apar\u00eancia. Com isso, nem a fama poder\u00e1 me transformar. Sou uma jovem como qualquer outra, tenho momentos bons e maus, mas continuo o meu percurso de cabe\u00e7a erguida\u201d, retorquiu.<\/p>\n\n\n\n<figure class=\"wp-block-image size-large\"><img fetchpriority=\"high\" decoding=\"async\" width=\"910\" height=\"1024\" src=\"https:\/\/tribunadeangola.org\/wp-content\/uploads\/2022\/02\/sg-2-910x1024.png\" alt=\"\" class=\"wp-image-6228\" srcset=\"https:\/\/tribunadeangola.org\/wp-content\/uploads\/2022\/02\/sg-2-910x1024.png 910w, https:\/\/tribunadeangola.org\/wp-content\/uploads\/2022\/02\/sg-2-267x300.png 267w, https:\/\/tribunadeangola.org\/wp-content\/uploads\/2022\/02\/sg-2-768x864.png 768w, https:\/\/tribunadeangola.org\/wp-content\/uploads\/2022\/02\/sg-2-1024x1152.png 1024w, https:\/\/tribunadeangola.org\/wp-content\/uploads\/2022\/02\/sg-2.png 1200w\" sizes=\"(max-width: 910px) 100vw, 910px\" \/><\/figure>\n\n\n\n<p>N\u00e3o obstante a sua personalidade vincada e forte, Sandra tem passado por momentos menos bons. Em Novembro passado, recorreu \u00e0s suas redes sociais, para denunciar que foi v\u00edtima de um assalto no Cassenda, em Luanda, onde teve, em consequ\u00eancia do ocorrido, o vidro do carro partido e foi levada tamb\u00e9m a placa do ve\u00edculo. E pouco antes do Ano Novo, avisou o seu p\u00fablico nas redes sociais que estava a passar por uma fase dif\u00edcil, mas que n\u00e3o havia motivos para preocupa\u00e7\u00e3o. Sandra n\u00e3o deu grandes detalhes sobre o que se estava a passar, no entanto deixou os internautas mais aliviados ao afirmar que ia ficar tudo bem.<\/p>\n\n\n\n<p>N\u00e3o sabemos se ficou tudo bem ou n\u00e3o, todavia sabemos que a apresentadora tem um grande esp\u00edrito de resili\u00eancia e lutador; por esse motivo, s\u00f3 lhe desejamos as maiores felicidades e que continue desempenhando o seu trabalho com o profissionalismo habitual.<\/p>\n","protected":false},"excerpt":{"rendered":"<p>Ela n\u00e3o est\u00e1 numa boa fase, \u00e9 verdade. Sandra Gomes confessou isso mesmo pouco antes do fim do ano. Contudo, sua positividade, o transmitir confian\u00e7a e energia positiva est\u00e3o presentes constantemente no seu quotidiano. A apresentadora e actriz ficou conhecida do grande p\u00fablico na novela angolana Jikulumessu transmitida em 2015 na TPA. Hoje em dia, [&hellip;]<\/p>\n","protected":false},"author":1,"featured_media":6229,"comment_status":"closed","ping_status":"closed","sticky":false,"template":"","format":"standard","meta":{"inline_featured_image":false,"footnotes":""},"categories":[106],"tags":[1732,778,1780,1756,347,1779],"class_list":["post-6227","post","type-post","status-publish","format-standard","has-post-thumbnail","hentry","category-koollife","tag-actriz","tag-apresentadora","tag-barbie","tag-internautas","tag-redes-sociais","tag-sandra-gomes"],"_links":{"self":[{"href":"https:\/\/tribunadeangola.org\/index.php?rest_route=\/wp\/v2\/posts\/6227","targetHints":{"allow":["GET"]}}],"collection":[{"href":"https:\/\/tribunadeangola.org\/index.php?rest_route=\/wp\/v2\/posts"}],"about":[{"href":"https:\/\/tribunadeangola.org\/index.php?rest_route=\/wp\/v2\/types\/post"}],"author":[{"embeddable":true,"href":"https:\/\/tribunadeangola.org\/index.php?rest_route=\/wp\/v2\/users\/1"}],"replies":[{"embeddable":true,"href":"https:\/\/tribunadeangola.org\/index.php?rest_route=%2Fwp%2Fv2%2Fcomments&post=6227"}],"version-history":[{"count":1,"href":"https:\/\/tribunadeangola.org\/index.php?rest_route=\/wp\/v2\/posts\/6227\/revisions"}],"predecessor-version":[{"id":6230,"href":"https:\/\/tribunadeangola.org\/index.php?rest_route=\/wp\/v2\/posts\/6227\/revisions\/6230"}],"wp:featuredmedia":[{"embeddable":true,"href":"https:\/\/tribunadeangola.org\/index.php?rest_route=\/wp\/v2\/media\/6229"}],"wp:attachment":[{"href":"https:\/\/tribunadeangola.org\/index.php?rest_route=%2Fwp%2Fv2%2Fmedia&parent=6227"}],"wp:term":[{"taxonomy":"category","embeddable":true,"href":"https:\/\/tribunadeangola.org\/index.php?rest_route=%2Fwp%2Fv2%2Fcategories&post=6227"},{"taxonomy":"post_tag","embeddable":true,"href":"https:\/\/tribunadeangola.org\/index.php?rest_route=%2Fwp%2Fv2%2Ftags&post=6227"}],"curies":[{"name":"wp","href":"https:\/\/api.w.org\/{rel}","templated":true}]}}