{"id":6172,"date":"2022-02-19T09:14:54","date_gmt":"2022-02-19T09:14:54","guid":{"rendered":"https:\/\/tribunadeangola.org\/?p=6172"},"modified":"2022-02-21T19:01:42","modified_gmt":"2022-02-21T19:01:42","slug":"ingratidao-e-oportunismo","status":"publish","type":"post","link":"https:\/\/tribunadeangola.org\/?p=6172","title":{"rendered":"Ingratid\u00e3o e oportunismo"},"content":{"rendered":"\n<p class=\"has-drop-cap\">Num gesto nobre e generoso, o Presidente da Rep\u00fablica Jo\u00e3o Louren\u00e7o, na senda de uma verdadeira Reconcilia\u00e7\u00e3o Nacional, acertou com Isa\u00edas Samakuva, ent\u00e3o l\u00edder da UNITA, a entrega dos restos mortais de Jonas Savimbi e demais dirigentes do Galo Negro tombados no conflito em 1992.<\/p>\n\n\n\n<p>Numa atitude civilizada de elevado reconhecimento, respeito e agradecimento, os filhos de Jonas Savimbi foram \u00e0 Cidade Alta agradecer ao Chefe de Estado o proporcionar um funeral e sepultura dignas ao seu progenitor.<\/p>\n\n\n\n<p>Com a lideran\u00e7a de Adalberto Costa J\u00fanior, na sua fobia megal\u00f3mana e aliena\u00e7\u00e3o e depend\u00eancia dos belicistas da UNITA, estabeleceu-se um conflito permanente, uma arrogante afronta aos Poderes Constitu\u00eddos e legitimados pelo Voto Popular e universal expresso nas Elei\u00e7\u00f5es de 2017.<\/p>\n\n\n\n<p>No complexo SOVISMO em Viana, com pompa e circunst\u00e2ncia e at\u00e9 eleva\u00e7\u00e3o, rendeu-se homenagem aos seus companheiros tombados, mas politica e intelectualmente n\u00e3o deixou de ser, mais uma vez, um ato de propaganda de ACJ, coadjuvado por Lukamba Gato e Abel Chivukuvu, sem que ningu\u00e9m dirigisse uma palavra de reconhecimento \u00e0 nobreza do Presidente da Rep\u00fablica, no cumprimento da palavra dada.<\/p>\n\n\n\n<p>Agosto \u00e9 j\u00e1 amanh\u00e3, at\u00e9 l\u00e1 teremos muita tempestade, muita \u00e1gua vai passar debaixo das pontes, com esta enchente de arrog\u00e2ncia, a correnteza subversiva e o descontrolo da verborreia, esperamos todos que n\u00e3o haja nenhuma inunda\u00e7\u00e3o e v\u00edtimas consequentes.<\/p>\n\n\n\n<p>Falta humildade, urge respeito pelo Estado de Direito, n\u00e3o se pode matar e esfolar um pa\u00eds, ludibriar um Povo, encenando uma grande mentira assente num somat\u00f3rio de ilegalidades, por muitos fundos que disponibilizem Isabel dos Santos e outros marimbondos, h\u00e1 interesses e objetivos em jogo que emergem de diferentes especuladores, e ontem mesmo houve um sinal, ACJ n\u00e3o estava sozinho, estavam l\u00e1 para debitar faladura e demarcar espa\u00e7o, o general Lukamba Gato e Abel Chivukuvuku, o homem dos Afrikaners e o da CIA, que num futuro pr\u00f3ximo ir\u00e3o surpreender ACJ.<\/p>\n\n\n\n<p>Est\u00e1 decidido, a UNITA come\u00e7a a sua movimenta\u00e7\u00e3o a partir de 14 de Mar\u00e7o, um dia ap\u00f3s o anivers\u00e1rio do Partido, vamos assistir a um escalar de decib\u00e9is, se n\u00e3o houver uma neutraliza\u00e7\u00e3o dos \u00edmpetos dos kwatchas, poderemos enfrentar mais uma d\u00e9cada de estagna\u00e7\u00e3o, seria um rude golpe na onda de progresso e realiza\u00e7\u00f5es que mostram um pa\u00eds caminhando rumo ao futuro.<\/p>\n","protected":false},"excerpt":{"rendered":"<p>Num gesto nobre e generoso, o Presidente da Rep\u00fablica Jo\u00e3o Louren\u00e7o, na senda de uma verdadeira Reconcilia\u00e7\u00e3o Nacional, acertou com Isa\u00edas Samakuva, ent\u00e3o l\u00edder da UNITA, a entrega dos restos mortais de Jonas Savimbi e demais dirigentes do Galo Negro tombados no conflito em 1992. Numa atitude civilizada de elevado reconhecimento, respeito e agradecimento, os [&hellip;]<\/p>\n","protected":false},"author":5,"featured_media":6173,"comment_status":"closed","ping_status":"closed","sticky":false,"template":"","format":"standard","meta":{"inline_featured_image":false,"footnotes":""},"categories":[105,21],"tags":[327,491,28,433,94,39,237,33,829,122,305,145],"class_list":["post-6172","post","type-post","status-publish","format-standard","has-post-thumbnail","hentry","category-noticias","category-opiniao","tag-abel-chivukuvuku","tag-acj","tag-adalberto-costa-junior","tag-eleicoes","tag-estado-de-direito","tag-isabel-dos-santos","tag-isaias-samakuva","tag-joao-lourenco","tag-kwatchas","tag-lukamba-gato","tag-povo","tag-presidente-da-republica"],"_links":{"self":[{"href":"https:\/\/tribunadeangola.org\/index.php?rest_route=\/wp\/v2\/posts\/6172","targetHints":{"allow":["GET"]}}],"collection":[{"href":"https:\/\/tribunadeangola.org\/index.php?rest_route=\/wp\/v2\/posts"}],"about":[{"href":"https:\/\/tribunadeangola.org\/index.php?rest_route=\/wp\/v2\/types\/post"}],"author":[{"embeddable":true,"href":"https:\/\/tribunadeangola.org\/index.php?rest_route=\/wp\/v2\/users\/5"}],"replies":[{"embeddable":true,"href":"https:\/\/tribunadeangola.org\/index.php?rest_route=%2Fwp%2Fv2%2Fcomments&post=6172"}],"version-history":[{"count":1,"href":"https:\/\/tribunadeangola.org\/index.php?rest_route=\/wp\/v2\/posts\/6172\/revisions"}],"predecessor-version":[{"id":6174,"href":"https:\/\/tribunadeangola.org\/index.php?rest_route=\/wp\/v2\/posts\/6172\/revisions\/6174"}],"wp:featuredmedia":[{"embeddable":true,"href":"https:\/\/tribunadeangola.org\/index.php?rest_route=\/wp\/v2\/media\/6173"}],"wp:attachment":[{"href":"https:\/\/tribunadeangola.org\/index.php?rest_route=%2Fwp%2Fv2%2Fmedia&parent=6172"}],"wp:term":[{"taxonomy":"category","embeddable":true,"href":"https:\/\/tribunadeangola.org\/index.php?rest_route=%2Fwp%2Fv2%2Fcategories&post=6172"},{"taxonomy":"post_tag","embeddable":true,"href":"https:\/\/tribunadeangola.org\/index.php?rest_route=%2Fwp%2Fv2%2Ftags&post=6172"}],"curies":[{"name":"wp","href":"https:\/\/api.w.org\/{rel}","templated":true}]}}