{"id":5978,"date":"2022-01-29T17:14:28","date_gmt":"2022-01-29T17:14:28","guid":{"rendered":"https:\/\/tribunadeangola.org\/?p=5978"},"modified":"2022-02-02T09:58:22","modified_gmt":"2022-02-02T09:58:22","slug":"salario-minimo-nova-cambalhota-da-oposicao-desleal","status":"publish","type":"post","link":"https:\/\/tribunadeangola.org\/?p=5978","title":{"rendered":"Sal\u00e1rio m\u00ednimo: nova cambalhota da oposi\u00e7\u00e3o desleal"},"content":{"rendered":"\n<p class=\"has-drop-cap\">Em Junho passado, Adalberto, primeiro, e depois Mihaela Webba, vieram fazer um grande barulho sobre a necessidade de aumentar o sal\u00e1rio m\u00ednimo. Barulheira e mais barulheira. Palavras de ordem repetidas, redes sociais inundadas. A t\u00e1ctica do costume desta gente&#8230;<\/p>\n\n\n\n<p>Agora, em Janeiro, o Presidente anuncia a subida do sal\u00e1rio m\u00ednimo. O que faz a oposi\u00e7\u00e3o desleal? Assobia para o lado, finge que n\u00e3o percebeu, fala em eleitoralismo. Na verdade, percebe- se tudo. N\u00e3o querem o bem do povo, s\u00f3 sabem dizer mal. Por isso, est\u00e3o sempre em cambalhotas.<\/p>\n","protected":false},"excerpt":{"rendered":"<p>Em Junho passado, Adalberto, primeiro, e depois Mihaela Webba, vieram fazer um grande barulho sobre a necessidade de aumentar o sal\u00e1rio m\u00ednimo. Barulheira e mais barulheira. Palavras de ordem repetidas, redes sociais inundadas. A t\u00e1ctica do costume desta gente&#8230; Agora, em Janeiro, o Presidente anuncia a subida do sal\u00e1rio m\u00ednimo. O que faz a oposi\u00e7\u00e3o [&hellip;]<\/p>\n","protected":false},"author":1,"featured_media":5979,"comment_status":"closed","ping_status":"closed","sticky":false,"template":"","format":"standard","meta":{"inline_featured_image":false,"footnotes":""},"categories":[105,21],"tags":[28,291,587,305,1680],"class_list":["post-5978","post","type-post","status-publish","format-standard","has-post-thumbnail","hentry","category-noticias","category-opiniao","tag-adalberto-costa-junior","tag-mihaela-weba","tag-oposicao","tag-povo","tag-salario-minimo"],"_links":{"self":[{"href":"https:\/\/tribunadeangola.org\/index.php?rest_route=\/wp\/v2\/posts\/5978","targetHints":{"allow":["GET"]}}],"collection":[{"href":"https:\/\/tribunadeangola.org\/index.php?rest_route=\/wp\/v2\/posts"}],"about":[{"href":"https:\/\/tribunadeangola.org\/index.php?rest_route=\/wp\/v2\/types\/post"}],"author":[{"embeddable":true,"href":"https:\/\/tribunadeangola.org\/index.php?rest_route=\/wp\/v2\/users\/1"}],"replies":[{"embeddable":true,"href":"https:\/\/tribunadeangola.org\/index.php?rest_route=%2Fwp%2Fv2%2Fcomments&post=5978"}],"version-history":[{"count":1,"href":"https:\/\/tribunadeangola.org\/index.php?rest_route=\/wp\/v2\/posts\/5978\/revisions"}],"predecessor-version":[{"id":5980,"href":"https:\/\/tribunadeangola.org\/index.php?rest_route=\/wp\/v2\/posts\/5978\/revisions\/5980"}],"wp:featuredmedia":[{"embeddable":true,"href":"https:\/\/tribunadeangola.org\/index.php?rest_route=\/wp\/v2\/media\/5979"}],"wp:attachment":[{"href":"https:\/\/tribunadeangola.org\/index.php?rest_route=%2Fwp%2Fv2%2Fmedia&parent=5978"}],"wp:term":[{"taxonomy":"category","embeddable":true,"href":"https:\/\/tribunadeangola.org\/index.php?rest_route=%2Fwp%2Fv2%2Fcategories&post=5978"},{"taxonomy":"post_tag","embeddable":true,"href":"https:\/\/tribunadeangola.org\/index.php?rest_route=%2Fwp%2Fv2%2Ftags&post=5978"}],"curies":[{"name":"wp","href":"https:\/\/api.w.org\/{rel}","templated":true}]}}