{"id":5835,"date":"2022-01-12T16:14:13","date_gmt":"2022-01-12T16:14:13","guid":{"rendered":"https:\/\/tribunadeangola.org\/?p=5835"},"modified":"2022-01-14T13:36:18","modified_gmt":"2022-01-14T13:36:18","slug":"perguntar-nao-ofende","status":"publish","type":"post","link":"https:\/\/tribunadeangola.org\/?p=5835","title":{"rendered":"Perguntar n\u00e3o ofende"},"content":{"rendered":"\n<p class=\"has-drop-cap\">Quando s\u00e3o demasiadas as coincid\u00eancias deixam de o ser, sobretudo quando os acontecimentos convergem com o discurso, e a verborreia&nbsp;n\u00e3o esconde o entusiasmo galopante e incendi\u00e1rio, como s\u00e3o os ataques levianamente agressivos e provocadores de Adalberto Costa J\u00fanior e o seu grupo de ac\u00f3litos.<\/p>\n\n\n\n<p>O jogo antecipado da estrat\u00e9gia assume contornos de terrorismo urbano, obedece a um planeamento minucioso, a provoca\u00e7\u00e3o, a ced\u00eancia \u00e0 ira popular incentivada por agitadores contratados, s\u00e3o a gesta dos \u00edmpetos ensaiados e aclamados em decib\u00e9is insultuosos e manipuladores, que t\u00eam como escudo uma vitimiza\u00e7\u00e3o insana e cobarde para enganar os tolos.<\/p>\n\n\n\n<p>A escolha dos desacatos e a mobiliza\u00e7\u00e3o dos arruaceiros coincidem com a visita do Presidente de Cabo Verde a Angola, numa altura em que o Presidente Jo\u00e3o Louren\u00e7o expressa nacional e internacionalmente ganhos de prest\u00edgio e credibilidade que honram a Na\u00e7\u00e3o, mas que contrasta com o desejo de caos permanente t\u00e3o badalado pelo l\u00edder da UNITA\/FPU.<\/p>\n\n\n\n<p>Sem identidade e sem parceiros que legitimem um Partido que corre freneticamente&nbsp;pelo Poder, h\u00e1 similitude de desejos apregoados entre relacionamentos&nbsp;bizarros e contranatura, cabe ao comum dos cidad\u00e3os indagar o que leva a esta comunh\u00e3o agressiva contra o Estado e suas Institui\u00e7\u00f5es.<\/p>\n\n\n\n<p>\u00c9 capaz p\u00fablica e inequivocamente ACJ negar o financiamento de Isabel dos Santos \u00e0s actividades da UNITA, e de forma clara condenar a sua fuga \u00e0 Justi\u00e7a angolana e interpel\u00e1-la por enriquecimento il\u00edcito?<\/p>\n\n\n\n<p>Consegue a UNITA e os seus dirigentes repudiar as interven\u00e7\u00f5es repetidas de Tchiz\u00e9 dos Santos, agressivas e atentat\u00f3rias \u00e0 dignidade da mais alta magistratura do Estado, a Presid\u00eancia da Rep\u00fablica?<\/p>\n\n\n\n<p>Concorda a UNITA com a inesperada ades\u00e3o oportunista de Marcolino Moco aos discursos de desvaloriza\u00e7\u00e3o da Justi\u00e7a, al\u00e9m da agress\u00e3o veemente aos \u00f3rg\u00e3os de soberania?<\/p>\n\n\n\n<p>Consegue ACJ desvincular-se do terrorismo activista pelos quais j\u00e1 deu o rosto, e que surgem como baluartes da mensagem da desordem p\u00fabica e \u00e0 desobedi\u00eancia civil?<\/p>\n\n\n\n<p>\u00c9 capaz ACJ de com o mesmo \u00edmpeto de ru\u00eddo acusat\u00f3rio e desafiador, vir a p\u00fablico solidarizar-se com o Governo no combate \u00e0 Pandemia do Covid e, simultaneamente dirigir uma palavra de afecto aos enfermos?<\/p>\n\n\n\n<p>Qual a posi\u00e7\u00e3o da UNITA em rela\u00e7\u00e3o aos ditos &#8220;marimbondos&#8221; que deixaram um pa\u00eds em estado coma com o saque geral que os enriqueceu a todos, contribuindo para as dificuldades inerentes \u00e0 pobreza e pen\u00faria de tantos angolanos?<\/p>\n\n\n\n<p>Em 1961, o 3 de Janeiro na Baixa de Cassange com os revoltosos do algod\u00e3o, e o 4 de Fevereiro no assalto \u00e0 Cadeia de S\u00e3o Paulo em Luanda, coincidente com uma estadia de uma comitiva das Na\u00e7\u00f5es Unidas em visita a Luanda e Angola, foi um rude golpe na pol\u00edtica colonial ultramarina de Salazar, deu alento ao in\u00edcio da Luta Armada; milhares de angolanos sacrificaram as suas pr\u00f3prias vidas em prol da Liberdade.<\/p>\n\n\n\n<p>Quem n\u00e3o quer ser lobo n\u00e3o veste a pele, os acontecimentos recentes de Luanda coincidem, no espa\u00e7o e no tempo, com um olhar atento do mundo em Angola e nas suas potencialidades, e a desordem e o caos que em imagens correu o mundo s\u00e3o a materializa\u00e7\u00e3o das sucessivas&nbsp;mensagens da UNITA, cabe a ACJ por inteiro a causa\/efeito dos tristes acontecimentos. Ou a UNITA assume uma radicaliza\u00e7\u00e3o contra a instabilidade e aguarda as elei\u00e7\u00f5es, ou \u00e9 conivente, ou at\u00e9 perdeu o controlo da vandaliza\u00e7\u00e3o que semeou na rua e que agora gera a ira popular.<\/p>\n\n\n\n<p>ACJ \u00e9 um agitador de massas, \u00e9 cada vez mais um homem s\u00f3, mas a UNITA\/FPU s\u00e3o seus c\u00famplices. N\u00e3o pode uma Na\u00e7\u00e3o inteira, o Estado e as suas Institui\u00e7\u00f5es, por laxismo ou in\u00e9rcia, ficarem vulner\u00e1veis \u00e0 teia prisioneira da vontade de um tirano megal\u00f3mano subversivo, urge agir para neutralizar o v\u00edrus, a condescend\u00eancia democr\u00e1tica fragiliza as defesas, mas h\u00e1 excep\u00e7\u00f5es para debelar o mal antes que se generalize.<\/p>\n","protected":false},"excerpt":{"rendered":"<p>Quando s\u00e3o demasiadas as coincid\u00eancias deixam de o ser, sobretudo quando os acontecimentos convergem com o discurso, e a verborreia&nbsp;n\u00e3o esconde o entusiasmo galopante e incendi\u00e1rio, como s\u00e3o os ataques levianamente agressivos e provocadores de Adalberto Costa J\u00fanior e o seu grupo de ac\u00f3litos. O jogo antecipado da estrat\u00e9gia assume contornos de terrorismo urbano, obedece [&hellip;]<\/p>\n","protected":false},"author":5,"featured_media":5836,"comment_status":"closed","ping_status":"closed","sticky":false,"template":"","format":"standard","meta":{"inline_featured_image":false,"footnotes":""},"categories":[105,21],"tags":[491,1063,28,110,99,1082,39,33,292,170,1255,475,160,750,25],"class_list":["post-5835","post","type-post","status-publish","format-standard","has-post-thumbnail","hentry","category-noticias","category-opiniao","tag-acj","tag-activista","tag-adalberto-costa-junior","tag-covid-19","tag-estado","tag-fpu","tag-isabel-dos-santos","tag-joao-lourenco","tag-marimbondos","tag-pandemia","tag-partido","tag-poder","tag-tchize-dos-santos","tag-terrorismo","tag-unita"],"_links":{"self":[{"href":"https:\/\/tribunadeangola.org\/index.php?rest_route=\/wp\/v2\/posts\/5835","targetHints":{"allow":["GET"]}}],"collection":[{"href":"https:\/\/tribunadeangola.org\/index.php?rest_route=\/wp\/v2\/posts"}],"about":[{"href":"https:\/\/tribunadeangola.org\/index.php?rest_route=\/wp\/v2\/types\/post"}],"author":[{"embeddable":true,"href":"https:\/\/tribunadeangola.org\/index.php?rest_route=\/wp\/v2\/users\/5"}],"replies":[{"embeddable":true,"href":"https:\/\/tribunadeangola.org\/index.php?rest_route=%2Fwp%2Fv2%2Fcomments&post=5835"}],"version-history":[{"count":1,"href":"https:\/\/tribunadeangola.org\/index.php?rest_route=\/wp\/v2\/posts\/5835\/revisions"}],"predecessor-version":[{"id":5837,"href":"https:\/\/tribunadeangola.org\/index.php?rest_route=\/wp\/v2\/posts\/5835\/revisions\/5837"}],"wp:featuredmedia":[{"embeddable":true,"href":"https:\/\/tribunadeangola.org\/index.php?rest_route=\/wp\/v2\/media\/5836"}],"wp:attachment":[{"href":"https:\/\/tribunadeangola.org\/index.php?rest_route=%2Fwp%2Fv2%2Fmedia&parent=5835"}],"wp:term":[{"taxonomy":"category","embeddable":true,"href":"https:\/\/tribunadeangola.org\/index.php?rest_route=%2Fwp%2Fv2%2Fcategories&post=5835"},{"taxonomy":"post_tag","embeddable":true,"href":"https:\/\/tribunadeangola.org\/index.php?rest_route=%2Fwp%2Fv2%2Ftags&post=5835"}],"curies":[{"name":"wp","href":"https:\/\/api.w.org\/{rel}","templated":true}]}}