{"id":5737,"date":"2022-01-02T10:45:23","date_gmt":"2022-01-02T10:45:23","guid":{"rendered":"https:\/\/tribunadeangola.org\/?p=5737"},"modified":"2022-01-05T16:38:22","modified_gmt":"2022-01-05T16:38:22","slug":"perdoai-lhes-senhor","status":"publish","type":"post","link":"https:\/\/tribunadeangola.org\/?p=5737","title":{"rendered":"Perdoai-lhes Senhor&#8230;!!!"},"content":{"rendered":"\n<p class=\"has-drop-cap\">Estudos ao mais alto n\u00edvel elaborados por s\u00e1bios e fil\u00f3sofos e debatidos em prestigiadas universidades, coincidem na cada vez mais exigente e dif\u00edcil tarefa que \u00e9 governar um pa\u00eds nas atuais circunst\u00e2ncias internacionais. A complexa teia da governa\u00e7\u00e3o tecida pela necessidade de harmonia interna aliada ao&nbsp;bilateralismo e multilateralismo&nbsp;face \u00e0 globaliza\u00e7\u00e3o, obriga necessariamente a parcerias estrat\u00e9gicas e \u00e0 cria\u00e7\u00e3o de escudos de prote\u00e7\u00e3o capazes de salvaguardar o interesse&nbsp;nacional.<\/p>\n\n\n\n<p>Neste contexto, a homogeneidade e estabilidade nacionais s\u00e3o fulcrais para dar respostas aos desafios, \u00e0 flexibilidade no relacionamento transfronteiri\u00e7o, exige-se uma postura vincada na vertente cultural para afirma\u00e7\u00e3o da identidade; assumem particular relev\u00e2ncia neste cen\u00e1rio as For\u00e7as Armadas e os Servi\u00e7os de Intelig\u00eancia e Defesa do Estado. Eles s\u00e3o o garante do posicionamento do Governo em teatros de negocia\u00e7\u00f5es.<\/p>\n\n\n\n<p>Em ano de perspectiva eleitoral cabe com distanciamento e experi\u00eancia indagar o futuro e interpelar quem \u00e9 quem? A democracia exige cumprimento de regras e uma delas s\u00e3o as elei\u00e7\u00f5es. Sendo importantes n\u00e3o s\u00e3o por si s\u00f3 a democracia; elas realizam-se para que os cidad\u00e3os fa\u00e7am escolhas, optem na diversidade, e numa fase em que Jo\u00e3o Louren\u00e7o, com estoicismo tem enfrentado as adversidades que herdou e as que o mundo pand\u00e9mico&nbsp;criou, com resultados que diariamente nos t\u00eam trazido retornos positivos, as Oposi\u00e7\u00f5es, particularmente a UNITA\/FPU, e isoladamente ACJ, n\u00e3o s\u00f3 semeiam instabilidade interna como plantam o caos urbano com afrontas \u00e0s Institui\u00e7\u00f5es do Estado, particularmente a Justi\u00e7a, pilar fundamental do Estado de Direito. Como contrastando com o reconhecimento global, tem tentado enxovalhar o Presidente da Rep\u00fablica de forma indecente, sem que apresentem uma \u00fanica proposta de governa\u00e7\u00e3o que proporcione debate s\u00e9rio e construtivo.<\/p>\n\n\n\n<p>Felizmente o tempo tem clarificado a insana conjuga\u00e7\u00e3o conspirativa dos clandestinos, sabotadores e corruptos, os cidad\u00e3os apercebem-se a cada dia que passa do vale tudo para agarrar o Poder. Mesmo internamente a UNITA, em voz baixa&nbsp;pelo medo, vai dando mostras de cada vez mais acentuada fragmenta\u00e7\u00e3o, e se para consumo dom\u00e9stico exploraram vergonhosamente a &#8220;fome&#8221; ostentando luxo, internacionalmente&nbsp;claudicaram&nbsp;de vez com o negacionismo \u00e0s privatiza\u00e7\u00f5es, solidificando o isolacionismo que pretendem para Angola, onde a mentira com pernas curtas possa andar.<\/p>\n\n\n\n<p>2022 &#8220;decretorum annum&#8221; ano decisivo e em todas as decis\u00f5es exige-se esfor\u00e7o, determina\u00e7\u00e3o, devo\u00e7\u00e3o, para que em solidariedade se estreitem caminhos de igualdade, acabaram-se os tempos das utopias, s\u00f3 com realismo saberemos ultrapassar obst\u00e1culos que nos privam do progresso do pa\u00eds e ferem a dignidade dos cidad\u00e3os; temos todos de acreditar em Angola, dentro dela temos tudo para cozinhar essa tal felicidade.<\/p>\n","protected":false},"excerpt":{"rendered":"<p>Estudos ao mais alto n\u00edvel elaborados por s\u00e1bios e fil\u00f3sofos e debatidos em prestigiadas universidades, coincidem na cada vez mais exigente e dif\u00edcil tarefa que \u00e9 governar um pa\u00eds nas atuais circunst\u00e2ncias internacionais. A complexa teia da governa\u00e7\u00e3o tecida pela necessidade de harmonia interna aliada ao&nbsp;bilateralismo e multilateralismo&nbsp;face \u00e0 globaliza\u00e7\u00e3o, obriga necessariamente a parcerias estrat\u00e9gicas [&hellip;]<\/p>\n","protected":false},"author":5,"featured_media":5738,"comment_status":"closed","ping_status":"closed","sticky":false,"template":"","format":"standard","meta":{"inline_featured_image":false,"footnotes":""},"categories":[105,21],"tags":[790,491,89,99,1082,127,33,475,145,1521,25],"class_list":["post-5737","post","type-post","status-publish","format-standard","has-post-thumbnail","hentry","category-noticias","category-opiniao","tag-790","tag-acj","tag-angola","tag-estado","tag-fpu","tag-governo","tag-joao-lourenco","tag-poder","tag-presidente-da-republica","tag-senhor","tag-unita"],"_links":{"self":[{"href":"https:\/\/tribunadeangola.org\/index.php?rest_route=\/wp\/v2\/posts\/5737","targetHints":{"allow":["GET"]}}],"collection":[{"href":"https:\/\/tribunadeangola.org\/index.php?rest_route=\/wp\/v2\/posts"}],"about":[{"href":"https:\/\/tribunadeangola.org\/index.php?rest_route=\/wp\/v2\/types\/post"}],"author":[{"embeddable":true,"href":"https:\/\/tribunadeangola.org\/index.php?rest_route=\/wp\/v2\/users\/5"}],"replies":[{"embeddable":true,"href":"https:\/\/tribunadeangola.org\/index.php?rest_route=%2Fwp%2Fv2%2Fcomments&post=5737"}],"version-history":[{"count":2,"href":"https:\/\/tribunadeangola.org\/index.php?rest_route=\/wp\/v2\/posts\/5737\/revisions"}],"predecessor-version":[{"id":5740,"href":"https:\/\/tribunadeangola.org\/index.php?rest_route=\/wp\/v2\/posts\/5737\/revisions\/5740"}],"wp:featuredmedia":[{"embeddable":true,"href":"https:\/\/tribunadeangola.org\/index.php?rest_route=\/wp\/v2\/media\/5738"}],"wp:attachment":[{"href":"https:\/\/tribunadeangola.org\/index.php?rest_route=%2Fwp%2Fv2%2Fmedia&parent=5737"}],"wp:term":[{"taxonomy":"category","embeddable":true,"href":"https:\/\/tribunadeangola.org\/index.php?rest_route=%2Fwp%2Fv2%2Fcategories&post=5737"},{"taxonomy":"post_tag","embeddable":true,"href":"https:\/\/tribunadeangola.org\/index.php?rest_route=%2Fwp%2Fv2%2Ftags&post=5737"}],"curies":[{"name":"wp","href":"https:\/\/api.w.org\/{rel}","templated":true}]}}