{"id":5639,"date":"2021-12-15T16:25:55","date_gmt":"2021-12-15T16:25:55","guid":{"rendered":"https:\/\/tribunadeangola.org\/?p=5639"},"modified":"2021-12-18T11:14:29","modified_gmt":"2021-12-18T11:14:29","slug":"santos-e-pecadores","status":"publish","type":"post","link":"https:\/\/tribunadeangola.org\/?p=5639","title":{"rendered":"Santos e Pecadores"},"content":{"rendered":"\n<p class=\"has-drop-cap\">N\u00e3o h\u00e1 paralelo recente em \u00c1frica, a Igreja Cat\u00f3lica atrav\u00e9s de bispos, padres e mission\u00e1rias, encetaram a partir da perspectiva da UNITA chegar ao Poder, uma postura agressiva \u00edmpar contra o Governo e particularmente Jo\u00e3o Louren\u00e7o. Temos exemplos de religiosos no nosso tempo que se dedicaram a causas que transcendiam&nbsp;op\u00e7\u00f5es internas; Arcebispo Desmond Tutu, Madre Teresa de Calcut\u00e1, Monsenhor Josef Glemp, sempre deram \u00e0 sua ac\u00e7\u00e3o cunho planet\u00e1rio, por isso atingiram notoriedade global, n\u00e3o despertaram para lutas partid\u00e1rias internas comprometedores de uma Organiza\u00e7\u00e3o Religiosa secular, que nunca deixou de ter responsabilidades em Angola.<\/p>\n\n\n\n<p>Pelos semin\u00e1rios de Angola e protegidos por Ordens religiosas no mundo, temos no nosso pa\u00eds embaixadores fi\u00e9is amparados pela teia poderosa e secreta do Vaticano, Marcolino Moco, Paulo Kassoma, general Jos\u00e9 Maria, general Nunda, mais de metade dos Quadros da UNITA, inclusive Adalberto Costa J\u00fanior.<\/p>\n\n\n\n<p>O IOR &#8211; Instituto de Obras da Religi\u00e3o,&nbsp;vulgo Banco do Vaticano, um dos mais poderosos&nbsp;do mundo, onde repousam avultados fundos de Jos\u00e9&nbsp;Eduardo&nbsp;dos Santos, Manuel Vicente, Lopo do Nascimento, Dino e Kopelipa, tem no seu portf\u00f3lio mega investimentos na \u00e1rea petrol\u00edfera.&nbsp;\u00c9 quem dirige o patrim\u00f3nio edificado mundialmente pela Igreja Cat\u00f3lica, sendo&nbsp;guardi\u00e3o das Concordatas Vaticano\/Estados; assim talvez possamos dizer que n\u00e3o s\u00e3o inocentes estas investidas dos sacerdotes.<\/p>\n\n\n\n<p>Foram Miss\u00f5es Cat\u00f3licas quem mais sofreram no terreno a primeira onda de f\u00faria do Galo Negro, viola\u00e7\u00f5es, destrui\u00e7\u00f5es, isolamentos, expuls\u00f5es. Quantos hospitais e escolas havia e foram destru\u00eddas pela UNITA? Quantos documentos foram incinerados para apagar a rela\u00e7\u00e3o Estado Colonial\/Unita\/igreja sempre cooperantes?<\/p>\n\n\n\n<p>Os activistas que proliferam no t\u00f3xico pantanoso da maledic\u00eancia, chafurdam no esc\u00e1rnio e maldizer, \u00e9 o apogeu da bo\u00e7alidade e imbecilidade desfraldando&nbsp;patetice e idiotice, um analfabetismo pol\u00edtico funcional que os faz pensar deuses em frente a uma c\u00e2mara e um microfone, alimentam-se como abutres na desgra\u00e7a que eles pr\u00f3prios semeiam.<\/p>\n\n\n\n<p>Est\u00e1 ao rubro o desafio \u00e0 autoridade do Estado, v\u00e3o tentar a seguir \u00e0 quadra natal\u00edcia, o ru\u00eddo vai ser inicialmente maior do que a ac\u00e7\u00e3o, a subvers\u00e3o vai dar lugar \u00e0 sabotagem, a inseguran\u00e7a vai aumentar com o inflamar&nbsp;de actos isolados, j\u00e1 h\u00e1 no terreno mercen\u00e1rios (t\u00e9cnicos em inform\u00e1tica e comunica\u00e7\u00f5es), adivinham-se tempos dif\u00edceis porque definitivamente o Galo Negro n\u00e3o quer elei\u00e7\u00f5es em 2022, mas quer o Poder.<\/p>\n\n\n\n<p>Os delegados na di\u00e1spora presentes no Congresso, receberam instru\u00e7\u00f5es claras e meios para se movimentarem, para organizar manifesta\u00e7\u00f5es em Lisboa, Paris, Londres e Bruxelas, repetindo at\u00e9 \u00e0 exaust\u00e3o dificuldades no recenseamento e falta de identidade da maioria dos angolanos em Angola. Estas s\u00e3o as palavras de ordem em terras de acolhimento.<\/p>\n","protected":false},"excerpt":{"rendered":"<p>N\u00e3o h\u00e1 paralelo recente em \u00c1frica, a Igreja Cat\u00f3lica atrav\u00e9s de bispos, padres e mission\u00e1rias, encetaram a partir da perspectiva da UNITA chegar ao Poder, uma postura agressiva \u00edmpar contra o Governo e particularmente Jo\u00e3o Louren\u00e7o. Temos exemplos de religiosos no nosso tempo que se dedicaram a causas que transcendiam&nbsp;op\u00e7\u00f5es internas; Arcebispo Desmond Tutu, Madre [&hellip;]<\/p>\n","protected":false},"author":5,"featured_media":5640,"comment_status":"closed","ping_status":"closed","sticky":false,"template":"","format":"standard","meta":{"inline_featured_image":false,"footnotes":""},"categories":[105,21],"tags":[346,28,89,1472,24,127,1172,1471,33,120,436,1474,1473,475,1470,25,1469,1108],"class_list":["post-5639","post","type-post","status-publish","format-standard","has-post-thumbnail","hentry","category-noticias","category-opiniao","tag-activistas","tag-adalberto-costa-junior","tag-angola","tag-banco-do-vaticano","tag-galo-negro","tag-governo","tag-igreja-catolica","tag-ior","tag-joao-lourenco","tag-jose-eduardo-dos-santos","tag-marcolino-moco","tag-nunda","tag-paulo-kassoma","tag-poder","tag-religiao","tag-unita","tag-vaticano","tag-ze-maria"],"_links":{"self":[{"href":"https:\/\/tribunadeangola.org\/index.php?rest_route=\/wp\/v2\/posts\/5639","targetHints":{"allow":["GET"]}}],"collection":[{"href":"https:\/\/tribunadeangola.org\/index.php?rest_route=\/wp\/v2\/posts"}],"about":[{"href":"https:\/\/tribunadeangola.org\/index.php?rest_route=\/wp\/v2\/types\/post"}],"author":[{"embeddable":true,"href":"https:\/\/tribunadeangola.org\/index.php?rest_route=\/wp\/v2\/users\/5"}],"replies":[{"embeddable":true,"href":"https:\/\/tribunadeangola.org\/index.php?rest_route=%2Fwp%2Fv2%2Fcomments&post=5639"}],"version-history":[{"count":1,"href":"https:\/\/tribunadeangola.org\/index.php?rest_route=\/wp\/v2\/posts\/5639\/revisions"}],"predecessor-version":[{"id":5641,"href":"https:\/\/tribunadeangola.org\/index.php?rest_route=\/wp\/v2\/posts\/5639\/revisions\/5641"}],"wp:featuredmedia":[{"embeddable":true,"href":"https:\/\/tribunadeangola.org\/index.php?rest_route=\/wp\/v2\/media\/5640"}],"wp:attachment":[{"href":"https:\/\/tribunadeangola.org\/index.php?rest_route=%2Fwp%2Fv2%2Fmedia&parent=5639"}],"wp:term":[{"taxonomy":"category","embeddable":true,"href":"https:\/\/tribunadeangola.org\/index.php?rest_route=%2Fwp%2Fv2%2Fcategories&post=5639"},{"taxonomy":"post_tag","embeddable":true,"href":"https:\/\/tribunadeangola.org\/index.php?rest_route=%2Fwp%2Fv2%2Ftags&post=5639"}],"curies":[{"name":"wp","href":"https:\/\/api.w.org\/{rel}","templated":true}]}}