{"id":5596,"date":"2021-12-08T09:31:00","date_gmt":"2021-12-08T09:31:00","guid":{"rendered":"https:\/\/tribunadeangola.org\/?p=5596"},"modified":"2021-12-11T17:38:39","modified_gmt":"2021-12-11T17:38:39","slug":"inspirado-no-amor-agualusa-estreia-se-na-fotografia","status":"publish","type":"post","link":"https:\/\/tribunadeangola.org\/?p=5596","title":{"rendered":"Inspirado no amor, Agualusa estreia-se na fotografia"},"content":{"rendered":"\n<p class=\"has-drop-cap\">O nome Agualusa \u00e9 na maioria das vezes associado \u00e0 escrita, designadamente ao seu principal of\u00edcio, romancista.<\/p>\n\n\n\n<p>Todavia, quem mergulha um pouco no seu passado, descobre imediatamente que o seu percurso foi abra\u00e7ando ao longo do tempo diversas actividades onde se pudesse sentir, acima de tudo, em harmonia com o seu Eu, divertir-se e porque acredita que a escrita transforma o mundo.<\/p>\n\n\n\n<p>Desta feita, o renomado escritor angolano, d\u00e1 os seus primeiros passos no mundo da fotografia. No in\u00edcio deste m\u00eas foi inaugurada a exposi\u00e7\u00e3o \u201cO Mais Belo Fim do Mundo\u201d no Cam\u00f5es \u2013 Centro Cultural Portugu\u00eas em Maputo. Esta \u00e9 a primeira amostra de fotografias de Agualusa, onde vem tamb\u00e9m integrada a literatura e que conta com a colabora\u00e7\u00e3o da editora brasileira L\u00facia Bertazzo.<\/p>\n\n\n\n<p>Este projecto est\u00e1 a ser exibido em duas express\u00f5es art\u00edsticas: montras fotogr\u00e1ficas que retratam o ambiente popular da ilha de Mo\u00e7ambique, e onde o autor vive actualmente e a audiovisual, com uma instala\u00e7\u00e3o cenogr\u00e1fica de figuras populares da literatura lus\u00f3fona com quem o escritor foi se cruzando ao longo dos anos, como por exemplo Tatiana Salem Levy, Lu\u00eds Cardoso, In\u00eas Pedrosa, Ana Paula Tavares, ou Paula Chiziane. Realce tamb\u00e9m para o facto deste projecto contar com textos escritos do seu grande amigo e escritor bem conhecido Mia Couto, que levou a cabo a apresenta\u00e7\u00e3o da exposi\u00e7\u00e3o no dia da inaugura\u00e7\u00e3o.<\/p>\n\n\n\n<p>Uma curiosidade particular que ressalta desta primeira experi\u00eancia do escritor, \u00e9 que a concep\u00e7\u00e3o fotogr\u00e1fica, parte da inspira\u00e7\u00e3o do amor pela esposa Yara, e pela filha, Kianda. No per\u00edodo em que a sua mulher esteve gr\u00e1vida, Agualusa foi desenvolvendo algumas ideias que iam brotando e escrevendo alguns versos, que acabavam por ter uma conex\u00e3o simb\u00f3lica pela ilha de Mo\u00e7ambique, que \u00e9 o lugar a que chama de casa. Um terceiro amor que o autor enaltece, e que nesta exposi\u00e7\u00e3o \u201cO Mais Belo Fim do Mundo\u201d n\u00e3o deixou de estar evidenciado, \u00e9 a venera\u00e7\u00e3o que nutre pela l\u00edngua portuguesa. A exposi\u00e7\u00e3o estar\u00e1 em exibi\u00e7\u00e3o at\u00e9 ao dia 12 de fevereiro do pr\u00f3ximo ano, excepto no per\u00edodo de f\u00e9rias do Centro, que durar\u00e1 cerca de um m\u00eas, e que ter\u00e1 in\u00edcio a 18 de dezembro.<\/p>\n\n\n\n<p>Jos\u00e9 Eduardo Agualusa nasceu na cidade do Huambo em 1960, mas a sua resid\u00eancia foi assente em v\u00e1rios locais, como Lisboa, Luanda, Rio de Janeiro ou Berlim. \u00c9 um homem do mundo, mas actualmente assentou arraiais na ilha de Mo\u00e7ambique. Estudou agronomia e silvicultura. \u00c9 um amante de v\u00e1rias artes, da\u00ed ter-se debru\u00e7ado em v\u00e1rios of\u00edcios; jornalista, romancista, contista, cronista, autor de literatura infantil e agora fot\u00f3grafo. Os seus romances j\u00e1 lhe valeram distintos pr\u00e9mios, como por exemplo o Grande Pr\u00e9mio de Literatura RTP, o Grande Pr\u00e9mio Gulbenkian de Literatura para Crian\u00e7as e Jovens, ou mais recentemente o Pr\u00e9mio Liter\u00e1rio Internacional IMPAC de Dublin (2018).<\/p>\n","protected":false},"excerpt":{"rendered":"<p>O nome Agualusa \u00e9 na maioria das vezes associado \u00e0 escrita, designadamente ao seu principal of\u00edcio, romancista. Todavia, quem mergulha um pouco no seu passado, descobre imediatamente que o seu percurso foi abra\u00e7ando ao longo do tempo diversas actividades onde se pudesse sentir, acima de tudo, em harmonia com o seu Eu, divertir-se e porque [&hellip;]<\/p>\n","protected":false},"author":1,"featured_media":5597,"comment_status":"closed","ping_status":"closed","sticky":false,"template":"","format":"standard","meta":{"inline_featured_image":false,"footnotes":""},"categories":[106],"tags":[1423,1429,1422,741,1428,1425,1228,1427,1153,1424,1426],"class_list":["post-5596","post","type-post","status-publish","format-standard","has-post-thumbnail","hentry","category-koollife","tag-agualusa","tag-autor","tag-escritor","tag-exposicao","tag-fotografia","tag-fotografo","tag-huambo","tag-ilha-de-mocambique","tag-premios","tag-romance","tag-romancista"],"_links":{"self":[{"href":"https:\/\/tribunadeangola.org\/index.php?rest_route=\/wp\/v2\/posts\/5596","targetHints":{"allow":["GET"]}}],"collection":[{"href":"https:\/\/tribunadeangola.org\/index.php?rest_route=\/wp\/v2\/posts"}],"about":[{"href":"https:\/\/tribunadeangola.org\/index.php?rest_route=\/wp\/v2\/types\/post"}],"author":[{"embeddable":true,"href":"https:\/\/tribunadeangola.org\/index.php?rest_route=\/wp\/v2\/users\/1"}],"replies":[{"embeddable":true,"href":"https:\/\/tribunadeangola.org\/index.php?rest_route=%2Fwp%2Fv2%2Fcomments&post=5596"}],"version-history":[{"count":1,"href":"https:\/\/tribunadeangola.org\/index.php?rest_route=\/wp\/v2\/posts\/5596\/revisions"}],"predecessor-version":[{"id":5598,"href":"https:\/\/tribunadeangola.org\/index.php?rest_route=\/wp\/v2\/posts\/5596\/revisions\/5598"}],"wp:featuredmedia":[{"embeddable":true,"href":"https:\/\/tribunadeangola.org\/index.php?rest_route=\/wp\/v2\/media\/5597"}],"wp:attachment":[{"href":"https:\/\/tribunadeangola.org\/index.php?rest_route=%2Fwp%2Fv2%2Fmedia&parent=5596"}],"wp:term":[{"taxonomy":"category","embeddable":true,"href":"https:\/\/tribunadeangola.org\/index.php?rest_route=%2Fwp%2Fv2%2Fcategories&post=5596"},{"taxonomy":"post_tag","embeddable":true,"href":"https:\/\/tribunadeangola.org\/index.php?rest_route=%2Fwp%2Fv2%2Ftags&post=5596"}],"curies":[{"name":"wp","href":"https:\/\/api.w.org\/{rel}","templated":true}]}}