{"id":5511,"date":"2021-11-23T09:05:00","date_gmt":"2021-11-23T09:05:00","guid":{"rendered":"https:\/\/tribunadeangola.org\/?p=5511"},"modified":"2021-11-26T18:05:02","modified_gmt":"2021-11-26T18:05:02","slug":"ministro-da-economia-e-planeamento-incentiva-empreendedorismo-no-namibe","status":"publish","type":"post","link":"https:\/\/tribunadeangola.org\/?p=5511","title":{"rendered":"Ministro da Economia e Planeamento incentiva empreendedorismo no Namibe"},"content":{"rendered":"\n<p class=\"has-drop-cap\">O Presidente da Rep\u00fablica Jo\u00e3o Louren\u00e7o (JLo) continua o seu p\u00e9riplo pelas prov\u00edncias angolanas, aferindo n\u00e3o s\u00f3 das principais defici\u00eancias prementes, assim como dos progressos realizados, consequ\u00eancia das v\u00e1rias reformas introduzidas durante o seu primeiro mandato.<\/p>\n\n\n\n<p>Desta vez, o destino foi a prov\u00edncia do Namibe, e na sua capital Mo\u00e7\u00e2medes, JLo aproveitou para refor\u00e7ar uma vez mais a import\u00e2ncia do combate \u00e0 desertifica\u00e7\u00e3o daquela regi\u00e3o. No passado s\u00e1bado, foi lan\u00e7ada a campanha de planta\u00e7\u00e3o de \u00e1rvores no \u00e2mbito do Projecto Namibe Verde. Trata-se de um projecto que ambiciona mitigar os efeitos da desertifica\u00e7\u00e3o no sul do pa\u00eds, e que que teve a sua inicia\u00e7\u00e3o com a planta\u00e7\u00e3o de v\u00e1rias \u00e1rvores da esp\u00e9cie espinheira. O Chefe de Estado tem manifestado particular preocupa\u00e7\u00e3o com quest\u00f5es ambientais, tendo participado em v\u00e1rios eventos nacionais e internacionais que promovem um ambiente mais saud\u00e1vel.<\/p>\n\n\n\n<p>Por seu lado, o Ministro da Economia e Planeamento, M\u00e1rio Caetano Jo\u00e3o, aproveitou o ensejo para informar que o Executivo angolano est\u00e1 disposto a apoiar com capital de risco mais de 70 empresas privadas da prov\u00edncia do Namibe com projectos ligados ao PRODESI (Programa de Apoio \u00e0 Produ\u00e7\u00e3o, Diversifica\u00e7\u00e3o das Exporta\u00e7\u00f5es e Substitui\u00e7\u00e3o da Importa\u00e7\u00f5es), com um valor que vai de 10 milh\u00f5es a 100 milh\u00f5es de kwanzas para cada.<\/p>\n\n\n\n<p>M\u00e1rio Caetano sustenta que os empreendedores, por vezes n\u00e3o t\u00eam recursos para fazer face \u00e0s exig\u00eancias dos bancos, por isso \u00e9 necess\u00e1rio apoi\u00e1-los: \u201cMuitos v\u00e3o \u00e0 banca pedir cem milh\u00f5es e banca pede 10 %. E a\u00ed alguns projectos encalham. Por isso estamos dispon\u00edveis para ajudar a completar esses recursos necess\u00e1rios com capital de risco\u201d defendeu o ministro. Sublinhou tamb\u00e9m que o Executivo vai poder apoiar numa primeira fase, cerca de 50 a 75 projectos no Namibe, com capital de risco e limitado.<\/p>\n","protected":false},"excerpt":{"rendered":"<p>O Presidente da Rep\u00fablica Jo\u00e3o Louren\u00e7o (JLo) continua o seu p\u00e9riplo pelas prov\u00edncias angolanas, aferindo n\u00e3o s\u00f3 das principais defici\u00eancias prementes, assim como dos progressos realizados, consequ\u00eancia das v\u00e1rias reformas introduzidas durante o seu primeiro mandato. Desta vez, o destino foi a prov\u00edncia do Namibe, e na sua capital Mo\u00e7\u00e2medes, JLo aproveitou para refor\u00e7ar uma [&hellip;]<\/p>\n","protected":false},"author":1,"featured_media":5512,"comment_status":"closed","ping_status":"closed","sticky":false,"template":"","format":"standard","meta":{"inline_featured_image":false,"footnotes":""},"categories":[105,21],"tags":[1132,234,1372,33,406,1373,813,145,101,537],"class_list":["post-5511","post","type-post","status-publish","format-standard","has-post-thumbnail","hentry","category-noticias","category-opiniao","tag-ambiente","tag-bancos","tag-capital-de-risco","tag-joao-lourenco","tag-mario-caetano-joao","tag-mocamedes","tag-namibe","tag-presidente-da-republica","tag-prodesi","tag-projectos"],"_links":{"self":[{"href":"https:\/\/tribunadeangola.org\/index.php?rest_route=\/wp\/v2\/posts\/5511","targetHints":{"allow":["GET"]}}],"collection":[{"href":"https:\/\/tribunadeangola.org\/index.php?rest_route=\/wp\/v2\/posts"}],"about":[{"href":"https:\/\/tribunadeangola.org\/index.php?rest_route=\/wp\/v2\/types\/post"}],"author":[{"embeddable":true,"href":"https:\/\/tribunadeangola.org\/index.php?rest_route=\/wp\/v2\/users\/1"}],"replies":[{"embeddable":true,"href":"https:\/\/tribunadeangola.org\/index.php?rest_route=%2Fwp%2Fv2%2Fcomments&post=5511"}],"version-history":[{"count":1,"href":"https:\/\/tribunadeangola.org\/index.php?rest_route=\/wp\/v2\/posts\/5511\/revisions"}],"predecessor-version":[{"id":5513,"href":"https:\/\/tribunadeangola.org\/index.php?rest_route=\/wp\/v2\/posts\/5511\/revisions\/5513"}],"wp:featuredmedia":[{"embeddable":true,"href":"https:\/\/tribunadeangola.org\/index.php?rest_route=\/wp\/v2\/media\/5512"}],"wp:attachment":[{"href":"https:\/\/tribunadeangola.org\/index.php?rest_route=%2Fwp%2Fv2%2Fmedia&parent=5511"}],"wp:term":[{"taxonomy":"category","embeddable":true,"href":"https:\/\/tribunadeangola.org\/index.php?rest_route=%2Fwp%2Fv2%2Fcategories&post=5511"},{"taxonomy":"post_tag","embeddable":true,"href":"https:\/\/tribunadeangola.org\/index.php?rest_route=%2Fwp%2Fv2%2Ftags&post=5511"}],"curies":[{"name":"wp","href":"https:\/\/api.w.org\/{rel}","templated":true}]}}