{"id":5486,"date":"2021-11-17T13:20:54","date_gmt":"2021-11-17T13:20:54","guid":{"rendered":"https:\/\/tribunadeangola.org\/?p=5486"},"modified":"2021-11-22T10:01:23","modified_gmt":"2021-11-22T10:01:23","slug":"carta-aberta-a-raul-diniz","status":"publish","type":"post","link":"https:\/\/tribunadeangola.org\/?p=5486","title":{"rendered":"Carta aberta a Ra\u00fal Diniz"},"content":{"rendered":"\n<p class=\"has-drop-cap\">Procurei insistentemente encontrar neste senhor algo al\u00e9m da sua presun\u00e7\u00e3o que lhe facultasse credibilidade para opinar sobre bastidores pol\u00edticos angolanos, infelizmente o seu profundo analfabetismo funcional torna-o num bajulador inqualific\u00e1vel, mas tamb\u00e9m perigoso, precisamente&nbsp;por poder ser tido como algu\u00e9m que possa ser algo mais do que um idiota \u00fatil ou um pateta infantil.<\/p>\n\n\n\n<p>Nas suas interven\u00e7\u00f5es ressalta sempre o factor &#8220;racismo&#8221;, pr\u00f3prio daquele&nbsp;mulato recalcado que, por oportunismo ou incompet\u00eancia, n\u00e3o apanhou o comboio do MPLA e agora quer, atrav\u00e9s da servid\u00e3o volunt\u00e1ria reles&nbsp;e maldizente, apanhar a carruagem de ACJ, e se para abrir a porta do Galo Negro atacou Fernando Miala, para receber a compaix\u00e3o de ACJ vem publicamente atacar de forma inveros\u00edmil Isaias Samakuva.&nbsp;<\/p>\n\n\n\n<p>Este senhor \u00e9 um elo do n\u00facleo da intriga, a forma como se dirige ao Presidente da Rep\u00fablica \u00e9 criminosa e pr\u00f3pria de um terrorista, o n\u00e9scio nefelibata nem consegue diferenciar o Chefe de Estado do Presidente do MPLA, na minha&nbsp;terra Umbunda&nbsp;diz-se que este energ\u00fameno \u00e9 um&nbsp;&#8220;matumbo da tuji&#8221;.<\/p>\n\n\n\n<p>Assistimos hoje a uma prolifera\u00e7\u00e3o destes agentes da confus\u00e3o p\u00fablica, prevaricam como se fossem impunes, ACJ em momento algum se distanciou deles, pelo contr\u00e1rio, at\u00e9 lhes d\u00e1 entrevistas e usa-os para proveito pol\u00edtico\u00a0pessoal, assistimos\u00a0incr\u00e9dulos as movimenta\u00e7\u00f5es clandestinas\u00a0da FPU &#8211; Frente Patri\u00f3tica\u00a0Unida, pasme-se, com um presidente da UNITA que n\u00e3o \u00e9, e um l\u00edder do PRA-J\u00c1 que n\u00e3o existe, e aparecem estes &#8220;aprendizes\u00a0de feiticeiro&#8221;\u00a0 como o senhor Raul Diniz, a desafiar o Estado de Direito e a tentar legitimar uma rede terrorista que insanamente actua\u00a0nacional e internacionalmente.<\/p>\n\n\n\n<p>Estas in\u00fateis &#8220;bostas&nbsp;ambulantes&#8221; condicionam&nbsp;a sinergias do desenvolvimento e da conc\u00f3rdia em caucionar entraves ao investimento, ACJ e AEC s\u00e3o a cabe\u00e7a de um polvo que tem v\u00e1rios tent\u00e1culos em v\u00e1rias direc\u00e7\u00f5es, Tchiz\u00e9 dos Santos e a sua m\u00e3e Maria&nbsp;Lu\u00edsa Abrantes s\u00e3o tidas como branqueadoras de fundos, est\u00e3o a ser escrutinadas na Europa, e Jardo Mu\u00e9calia e D\u00f3rio Savimbi est\u00e3o a ser os elementos que agem nos Estados Unidos da Am\u00e9rica, com liga\u00e7\u00e3o estreita a Abel Chivukuvuku.<\/p>\n\n\n\n<p>Aproxima-se a data da realiza\u00e7\u00e3o do Congresso, os viajantes encartados agitam-se e querem dar nas vistas, gente como Raul Diniz, tidos como &#8220;lambecus&#8221;\u00a0v\u00e3o estender o tapete a ACJ, v\u00e3o cantar vit\u00f3ria, at\u00e9 que a realidade mate o sonho.<\/p>\n","protected":false},"excerpt":{"rendered":"<p>Procurei insistentemente encontrar neste senhor algo al\u00e9m da sua presun\u00e7\u00e3o que lhe facultasse credibilidade para opinar sobre bastidores pol\u00edticos angolanos, infelizmente o seu profundo analfabetismo funcional torna-o num bajulador inqualific\u00e1vel, mas tamb\u00e9m perigoso, precisamente&nbsp;por poder ser tido como algu\u00e9m que possa ser algo mais do que um idiota \u00fatil ou um pateta infantil. Nas suas [&hellip;]<\/p>\n","protected":false},"author":5,"featured_media":5487,"comment_status":"closed","ping_status":"closed","sticky":false,"template":"","format":"standard","meta":{"inline_featured_image":false,"footnotes":""},"categories":[105,21],"tags":[327,491,722,1082,24,397,237,1171,145,1064,1351,25],"class_list":["post-5486","post","type-post","status-publish","format-standard","has-post-thumbnail","hentry","category-noticias","category-opiniao","tag-abel-chivukuvuku","tag-acj","tag-angolanos","tag-fpu","tag-galo-negro","tag-general-fernando-miala","tag-isaias-samakuva","tag-pra-ja","tag-presidente-da-republica","tag-racismo","tag-raul-diniz","tag-unita"],"_links":{"self":[{"href":"https:\/\/tribunadeangola.org\/index.php?rest_route=\/wp\/v2\/posts\/5486","targetHints":{"allow":["GET"]}}],"collection":[{"href":"https:\/\/tribunadeangola.org\/index.php?rest_route=\/wp\/v2\/posts"}],"about":[{"href":"https:\/\/tribunadeangola.org\/index.php?rest_route=\/wp\/v2\/types\/post"}],"author":[{"embeddable":true,"href":"https:\/\/tribunadeangola.org\/index.php?rest_route=\/wp\/v2\/users\/5"}],"replies":[{"embeddable":true,"href":"https:\/\/tribunadeangola.org\/index.php?rest_route=%2Fwp%2Fv2%2Fcomments&post=5486"}],"version-history":[{"count":1,"href":"https:\/\/tribunadeangola.org\/index.php?rest_route=\/wp\/v2\/posts\/5486\/revisions"}],"predecessor-version":[{"id":5488,"href":"https:\/\/tribunadeangola.org\/index.php?rest_route=\/wp\/v2\/posts\/5486\/revisions\/5488"}],"wp:featuredmedia":[{"embeddable":true,"href":"https:\/\/tribunadeangola.org\/index.php?rest_route=\/wp\/v2\/media\/5487"}],"wp:attachment":[{"href":"https:\/\/tribunadeangola.org\/index.php?rest_route=%2Fwp%2Fv2%2Fmedia&parent=5486"}],"wp:term":[{"taxonomy":"category","embeddable":true,"href":"https:\/\/tribunadeangola.org\/index.php?rest_route=%2Fwp%2Fv2%2Fcategories&post=5486"},{"taxonomy":"post_tag","embeddable":true,"href":"https:\/\/tribunadeangola.org\/index.php?rest_route=%2Fwp%2Fv2%2Ftags&post=5486"}],"curies":[{"name":"wp","href":"https:\/\/api.w.org\/{rel}","templated":true}]}}