{"id":5477,"date":"2021-11-17T10:37:01","date_gmt":"2021-11-17T10:37:01","guid":{"rendered":"https:\/\/tribunadeangola.org\/?p=5477"},"modified":"2021-11-22T08:27:34","modified_gmt":"2021-11-22T08:27:34","slug":"angola-em-feira-internacional-com-grandes-oportunidades-de-investimentos","status":"publish","type":"post","link":"https:\/\/tribunadeangola.org\/?p=5477","title":{"rendered":"Angola em feira internacional com grandes oportunidades de investimentos"},"content":{"rendered":"\n<p class=\"has-drop-cap\">Angola \u00e9 um dos 54 pa\u00edses africanos presentes na 2\u00aa edi\u00e7\u00e3o da Feira Intra-Africana de Com\u00e9rcio (IAFT), uma iniciativa desenvolvida pelo Banco Africano para Exporta\u00e7\u00f5es e Importa\u00e7\u00f5es (Afreximbank), e que conta com a colabora\u00e7\u00e3o do Secretariado da Zona de Com\u00e9rcio Livre Continental Africana (ZCLCA) e a Uni\u00e3o Africana.<\/p>\n\n\n\n<p>A IAFT que est\u00e1 a decorrer na cidade de Durban na \u00c1frica do Sul, entre os dias 15 e 21 de Novembro, sob o lema \u201cConstruindo Pontes para uma ZCLCA de sucesso\u201d vai contar com uma presen\u00e7a extremamente significativa da parte angolana.<\/p>\n\n\n\n<p>O nosso pa\u00eds participa neste evento com mais de tr\u00eas dezenas de expositores, entre os quais, empres\u00e1rios, institui\u00e7\u00f5es banc\u00e1rias e distintas associa\u00e7\u00f5es empresariais, numa coordena\u00e7\u00e3o institucional do Minist\u00e9rio da Ind\u00fastria e Com\u00e9rcio, com o apoio executivo da Comunidade das Empresas Exportadoras e Internacionalizadas de Angola (CEEIA) e a Ag\u00eancia de Investimento Privado e Exporta\u00e7\u00e3o (AIPEX).<\/p>\n\n\n\n<p>Segundo o Presidente da CEEIA, Agostinho Kapala, a participa\u00e7\u00e3o neste evento, insere-se no \u00e2mbito de uma estrat\u00e9gia p\u00fablico-privada, no sentido de se tirar melhor proveito das oportunidades de neg\u00f3cios existentes no continente e n\u00e3o s\u00f3.<\/p>\n\n\n\n<p>Para al\u00e9m da participa\u00e7\u00e3o e coordena\u00e7\u00e3o fundamental do Minist\u00e9rio da Ind\u00fastria e Com\u00e9rcio, realce para a participa\u00e7\u00e3o de outras institui\u00e7\u00f5es p\u00fablicas, como a AIPEX, j\u00e1 mencionada e a Zona Econ\u00f3mica Especial Luanda-Bengo. No plano empresarial, destaque para a participa\u00e7\u00e3o da Sonangol, a Opaia, Catoca, a Food Care, a Steel Door, a Refriango e a Kubinga.<\/p>\n\n\n\n<p>A principal \u201cbandeira\u201d que os investidores nacionais querem levar para esta feira \u00e9 a marca \u201cMade in Angola\u201d, com o intuito de estabelecer novas parcerias que fa\u00e7am aumentar as exporta\u00e7\u00f5es dos produtos nacionais, e naturalmente incrementar o aumento da produ\u00e7\u00e3o.<\/p>\n\n\n\n<p>Para esta Feira Intra-Continental, prev\u00ea-se que as negocia\u00e7\u00f5es superem os 40 mil milh\u00f5es de d\u00f3lares ao n\u00edvel do com\u00e9rcio e investimento. Espera-se tamb\u00e9m que participem mais de 1600 expositores, assim como 5000 participantes nas v\u00e1rias confer\u00eancias que se ir\u00e3o realizar.<\/p>\n\n\n\n<p>Este evento, cuja primeira edi\u00e7\u00e3o decorreu no Cairo em 2018, e que alcan\u00e7ou na \u00e9poca um enorme sucesso, vai reunir actores continentais e globais para mostrar e exibir os seus produtos e servi\u00e7os, e explorar oportunidades de neg\u00f3cios e de investimentos no continente. Ademais, vai tamb\u00e9m procurar fornecer uma plataforma para partilhar informa\u00e7\u00f5es sobre com\u00e9rcio, investimento e mercado com as partes interessadas, discutir e identificar solu\u00e7\u00f5es para quest\u00f5es que afectam o com\u00e9rcio intra-africano.<\/p>\n","protected":false},"excerpt":{"rendered":"<p>Angola \u00e9 um dos 54 pa\u00edses africanos presentes na 2\u00aa edi\u00e7\u00e3o da Feira Intra-Africana de Com\u00e9rcio (IAFT), uma iniciativa desenvolvida pelo Banco Africano para Exporta\u00e7\u00f5es e Importa\u00e7\u00f5es (Afreximbank), e que conta com a colabora\u00e7\u00e3o do Secretariado da Zona de Com\u00e9rcio Livre Continental Africana (ZCLCA) e a Uni\u00e3o Africana. A IAFT que est\u00e1 a decorrer na [&hellip;]<\/p>\n","protected":false},"author":1,"featured_media":5478,"comment_status":"closed","ping_status":"closed","sticky":false,"template":"","format":"standard","meta":{"inline_featured_image":false,"footnotes":""},"categories":[105,21],"tags":[1345,162,617,604,89,1344,1340,342,344,1339,1342,1263,1338,1343,1341,447,224,715,340],"class_list":["post-5477","post","type-post","status-publish","format-standard","has-post-thumbnail","hentry","category-noticias","category-opiniao","tag-afreximbank","tag-africa","tag-africa-do-sul","tag-aipex","tag-angola","tag-cairo","tag-ceeia","tag-comercio","tag-continente","tag-durban","tag-expositores","tag-feira","tag-feira-intra-africana-de-comercio","tag-global","tag-iaft","tag-investimento","tag-negocios","tag-uniao-africana","tag-zclca"],"_links":{"self":[{"href":"https:\/\/tribunadeangola.org\/index.php?rest_route=\/wp\/v2\/posts\/5477","targetHints":{"allow":["GET"]}}],"collection":[{"href":"https:\/\/tribunadeangola.org\/index.php?rest_route=\/wp\/v2\/posts"}],"about":[{"href":"https:\/\/tribunadeangola.org\/index.php?rest_route=\/wp\/v2\/types\/post"}],"author":[{"embeddable":true,"href":"https:\/\/tribunadeangola.org\/index.php?rest_route=\/wp\/v2\/users\/1"}],"replies":[{"embeddable":true,"href":"https:\/\/tribunadeangola.org\/index.php?rest_route=%2Fwp%2Fv2%2Fcomments&post=5477"}],"version-history":[{"count":1,"href":"https:\/\/tribunadeangola.org\/index.php?rest_route=\/wp\/v2\/posts\/5477\/revisions"}],"predecessor-version":[{"id":5479,"href":"https:\/\/tribunadeangola.org\/index.php?rest_route=\/wp\/v2\/posts\/5477\/revisions\/5479"}],"wp:featuredmedia":[{"embeddable":true,"href":"https:\/\/tribunadeangola.org\/index.php?rest_route=\/wp\/v2\/media\/5478"}],"wp:attachment":[{"href":"https:\/\/tribunadeangola.org\/index.php?rest_route=%2Fwp%2Fv2%2Fmedia&parent=5477"}],"wp:term":[{"taxonomy":"category","embeddable":true,"href":"https:\/\/tribunadeangola.org\/index.php?rest_route=%2Fwp%2Fv2%2Fcategories&post=5477"},{"taxonomy":"post_tag","embeddable":true,"href":"https:\/\/tribunadeangola.org\/index.php?rest_route=%2Fwp%2Fv2%2Ftags&post=5477"}],"curies":[{"name":"wp","href":"https:\/\/api.w.org\/{rel}","templated":true}]}}