{"id":5474,"date":"2021-11-14T19:04:33","date_gmt":"2021-11-14T19:04:33","guid":{"rendered":"https:\/\/tribunadeangola.org\/?p=5474"},"modified":"2021-11-22T08:27:28","modified_gmt":"2021-11-22T08:27:28","slug":"amanha-sera-tarde-demais","status":"publish","type":"post","link":"https:\/\/tribunadeangola.org\/?p=5474","title":{"rendered":"Amanh\u00e3 ser\u00e1 tarde demais"},"content":{"rendered":"\n<p class=\"has-drop-cap\">H\u00e1 infelizmente paralelismos hist\u00f3ricos, nacional e internacionalmente, emergem das vulnerabilidades humanas, incham, inflamam&nbsp;como gangrena se, a seu tempo, n\u00e3o forem debelados.<\/p>\n\n\n\n<p>ACJ, a UNITA, o Pra-Ja,&nbsp;a FPU e Abel Chivukuvuku s\u00e3o recorrentes numa postura de somat\u00f3rios ilegais e il\u00edcitos pass\u00edveis&nbsp;de ac\u00e7\u00e3o da Justi\u00e7a, iniciativas tipificadas como Fora da Lei enquadradas num quadro atentat\u00f3rio ao Estado de Direito e \u00e0 Ordem P\u00fablica.<\/p>\n\n\n\n<p>Sob o signo do medo da terra sem lei, sem qualquer proposta pol\u00edtica, a UNITA subjugada aos caprichos dos marimbondos, com a responsabilidade do general Lukamba Gato, regressado da \u00c1frica do Sul onde se tinha exilado pol\u00edtica e familiarmente em f\u00e9rias luxuosas, prepara com os aliados Santistas uma apoteose nunca vista no Galo Negro para aclama\u00e7\u00e3o de ACJ e avan\u00e7o inicial da marcha pelo Poder; fala-se em gastos sem precedentes, da\u00ed o pedit\u00f3rio para cobertura \u00e0 estrat\u00e9gia.<\/p>\n\n\n\n<p>Amea\u00e7as familiares, exclus\u00f5es futuras, deporta\u00e7\u00f5es internas pairaram\u00a0no caminho do candidato \u00fanico, ACJ \u00e9 presidente sem ser, Abel Chivukuvuku lidera um Partido\u00a0inexistente, uma Coliga\u00e7\u00e3o sem personalidade jur\u00eddica (FPU) move-se em compromissos que implicam o futuro, e de v\u00e1rios quadrantes para objectivos diversos, partem mensagens claras de investimento\u00a0na venda de uma situa\u00e7\u00e3o de caos em Angola para influenciar a opini\u00e3o\u00a0internacional em favor da queda do Governo.<\/p>\n\n\n\n<p>A FPU\/Z\u00e9du tem mesmo nesta fase um gabinete\u00a0de crise, nele est\u00e3o c\u00famplices do MPLA, h\u00e1 uma &#8220;task Force&#8221; em Portugal com infiltra\u00e7\u00f5es na Lusa\/Expresso\/Observador, e aven\u00e7ados na RTP-\u00c1frica; diz-se que o cantor Bonga \u00e9 um dos alienados pagos a ouro.<\/p>\n\n\n\n<p>Especialistas debru\u00e7ados sobre este mosaico intenso, veem na sua matriz uma s\u00e9rie de ilegalidades suficientes para bloquear toda a actividade dos fantoches e a teia subversiva alienada, a data das elei\u00e7\u00f5es passam a ser secundarizadas pela import\u00e2ncia crucial dos malef\u00edcios que causam \u00e0 economia e paz social que sopram favoravelmente para o investimento em Angola, as autoridades n\u00e3o podem circunscrever-se ao cumprimento constitucional apenas, h\u00e1 mat\u00e9ria criminal suficiente para que\u00a0o Minist\u00e9rio P\u00fablico atue\u00a0pessoal e colectivamente contra estes malfeitores, n\u00e3o importa a sua estratifica\u00e7\u00e3o social.<\/p>\n\n\n\n<p>\u00c9 no exerc\u00edcio da autoridade que se exerce a igualdade em Democracia, ela deve ser exercida pelo Estado e sentida pelos cidad\u00e3os, assim se garante a dignidade&nbsp;da cidadania e a honorabilidade pessoal, s\u00e3o valores e princ\u00edpios que regem o respeito e o espa\u00e7o de cada cidad\u00e3o.<\/p>\n\n\n\n<p>Tamb\u00e9m a fiscaliza\u00e7\u00e3o estreita e efectiva das finan\u00e7as das organiza\u00e7\u00f5es da Sociedade Civil, \u00e9 na transpar\u00eancia que habita o peso claro que a sociedade lhe confere, financiamentos obscuros como aqueles que agora se verificam, p\u00f5em em causa a soberania nacional, sobretudo em terra cobi\u00e7ada como Angola.<\/p>\n\n\n\n<p>Quanto vale em Democracia um Congresso do medo?<\/p>\n\n\n\n<p>Nunca Jonas Malheiro Savimbi se atreveu a tanto.<\/p>\n","protected":false},"excerpt":{"rendered":"<p>H\u00e1 infelizmente paralelismos hist\u00f3ricos, nacional e internacionalmente, emergem das vulnerabilidades humanas, incham, inflamam&nbsp;como gangrena se, a seu tempo, n\u00e3o forem debelados. ACJ, a UNITA, o Pra-Ja,&nbsp;a FPU e Abel Chivukuvuku s\u00e3o recorrentes numa postura de somat\u00f3rios ilegais e il\u00edcitos pass\u00edveis&nbsp;de ac\u00e7\u00e3o da Justi\u00e7a, iniciativas tipificadas como Fora da Lei enquadradas num quadro atentat\u00f3rio ao Estado [&hellip;]<\/p>\n","protected":false},"author":5,"featured_media":5475,"comment_status":"closed","ping_status":"closed","sticky":false,"template":"","format":"standard","meta":{"inline_featured_image":false,"footnotes":""},"categories":[105,21],"tags":[327,491,89,1337,1015,208,99,94,1082,24,122,292,475,1171,26,25,328],"class_list":["post-5474","post","type-post","status-publish","format-standard","has-post-thumbnail","hentry","category-noticias","category-opiniao","tag-abel-chivukuvuku","tag-acj","tag-angola","tag-bonga","tag-congresso","tag-democracia","tag-estado","tag-estado-de-direito","tag-fpu","tag-galo-negro","tag-lukamba-gato","tag-marimbondos","tag-poder","tag-pra-ja","tag-santistas","tag-unita","tag-zedu"],"_links":{"self":[{"href":"https:\/\/tribunadeangola.org\/index.php?rest_route=\/wp\/v2\/posts\/5474","targetHints":{"allow":["GET"]}}],"collection":[{"href":"https:\/\/tribunadeangola.org\/index.php?rest_route=\/wp\/v2\/posts"}],"about":[{"href":"https:\/\/tribunadeangola.org\/index.php?rest_route=\/wp\/v2\/types\/post"}],"author":[{"embeddable":true,"href":"https:\/\/tribunadeangola.org\/index.php?rest_route=\/wp\/v2\/users\/5"}],"replies":[{"embeddable":true,"href":"https:\/\/tribunadeangola.org\/index.php?rest_route=%2Fwp%2Fv2%2Fcomments&post=5474"}],"version-history":[{"count":1,"href":"https:\/\/tribunadeangola.org\/index.php?rest_route=\/wp\/v2\/posts\/5474\/revisions"}],"predecessor-version":[{"id":5476,"href":"https:\/\/tribunadeangola.org\/index.php?rest_route=\/wp\/v2\/posts\/5474\/revisions\/5476"}],"wp:featuredmedia":[{"embeddable":true,"href":"https:\/\/tribunadeangola.org\/index.php?rest_route=\/wp\/v2\/media\/5475"}],"wp:attachment":[{"href":"https:\/\/tribunadeangola.org\/index.php?rest_route=%2Fwp%2Fv2%2Fmedia&parent=5474"}],"wp:term":[{"taxonomy":"category","embeddable":true,"href":"https:\/\/tribunadeangola.org\/index.php?rest_route=%2Fwp%2Fv2%2Fcategories&post=5474"},{"taxonomy":"post_tag","embeddable":true,"href":"https:\/\/tribunadeangola.org\/index.php?rest_route=%2Fwp%2Fv2%2Ftags&post=5474"}],"curies":[{"name":"wp","href":"https:\/\/api.w.org\/{rel}","templated":true}]}}