{"id":5471,"date":"2021-11-14T18:48:49","date_gmt":"2021-11-14T18:48:49","guid":{"rendered":"https:\/\/tribunadeangola.org\/?p=5471"},"modified":"2021-11-21T09:58:50","modified_gmt":"2021-11-21T09:58:50","slug":"joao-de-almeida-mais-uma-falsa-vitima","status":"publish","type":"post","link":"https:\/\/tribunadeangola.org\/?p=5471","title":{"rendered":"Jo\u00e3o de Almeida. Mais uma falsa v\u00edtima"},"content":{"rendered":"\n<p class=\"has-drop-cap\">Anda por a\u00ed um choro artificial acerca da venda da MFM e sa\u00edda de Jos\u00e9 de Almeida dessa r\u00e1dio. Mais uma vez \u00e9 um fogo- de- artif\u00edcio sem verdade.<\/p>\n\n\n\n<p>Vejamos os factos. A MFM est\u00e1 falida e \u00e0 venda h\u00e1 anos. O s\u00f3cio maiorit\u00e1rio oferecia-a a qualquer almocreve das tretas que lhe aparecesse \u00e0 porta. Por sua vez, Jo\u00e3o de Almeida era apresentado a toda a gente como o &#8221; homem&#8221; de Isabel dos Santos.<\/p>\n\n\n\n<p>Ent\u00e3o, agora os mensageiros de Isabel s\u00e3o os santos? Tudo vale para atacar o governo, at\u00e9 endeusar aqueles que roubaram o povo angolano?<\/p>\n\n\n\n<p>E n\u00e3o est\u00e1 Jo\u00e3o de Almeida j\u00e1 noutro projecto de ataque ao governo com base em Lisboa, de onde saem as conspira\u00e7\u00f5es todas?<\/p>\n\n\n\n<p>Basta de brincadeiras e falsidades nas redes. Os capatazes dos marimbondos n\u00e3o s\u00e3o v\u00edtimas, s\u00e3o carrascos.<\/p>\n","protected":false},"excerpt":{"rendered":"<p>Anda por a\u00ed um choro artificial acerca da venda da MFM e sa\u00edda de Jos\u00e9 de Almeida dessa r\u00e1dio. Mais uma vez \u00e9 um fogo- de- artif\u00edcio sem verdade. Vejamos os factos. A MFM est\u00e1 falida e \u00e0 venda h\u00e1 anos. O s\u00f3cio maiorit\u00e1rio oferecia-a a qualquer almocreve das tretas que lhe aparecesse \u00e0 porta. [&hellip;]<\/p>\n","protected":false},"author":1,"featured_media":5472,"comment_status":"closed","ping_status":"closed","sticky":false,"template":"","format":"standard","meta":{"inline_featured_image":false,"footnotes":""},"categories":[105,21],"tags":[722,127,39,1336,1046,133,347],"class_list":["post-5471","post","type-post","status-publish","format-standard","has-post-thumbnail","hentry","category-noticias","category-opiniao","tag-angolanos","tag-governo","tag-isabel-dos-santos","tag-joao-de-almeida","tag-mfm","tag-projecto","tag-redes-sociais"],"_links":{"self":[{"href":"https:\/\/tribunadeangola.org\/index.php?rest_route=\/wp\/v2\/posts\/5471","targetHints":{"allow":["GET"]}}],"collection":[{"href":"https:\/\/tribunadeangola.org\/index.php?rest_route=\/wp\/v2\/posts"}],"about":[{"href":"https:\/\/tribunadeangola.org\/index.php?rest_route=\/wp\/v2\/types\/post"}],"author":[{"embeddable":true,"href":"https:\/\/tribunadeangola.org\/index.php?rest_route=\/wp\/v2\/users\/1"}],"replies":[{"embeddable":true,"href":"https:\/\/tribunadeangola.org\/index.php?rest_route=%2Fwp%2Fv2%2Fcomments&post=5471"}],"version-history":[{"count":1,"href":"https:\/\/tribunadeangola.org\/index.php?rest_route=\/wp\/v2\/posts\/5471\/revisions"}],"predecessor-version":[{"id":5473,"href":"https:\/\/tribunadeangola.org\/index.php?rest_route=\/wp\/v2\/posts\/5471\/revisions\/5473"}],"wp:featuredmedia":[{"embeddable":true,"href":"https:\/\/tribunadeangola.org\/index.php?rest_route=\/wp\/v2\/media\/5472"}],"wp:attachment":[{"href":"https:\/\/tribunadeangola.org\/index.php?rest_route=%2Fwp%2Fv2%2Fmedia&parent=5471"}],"wp:term":[{"taxonomy":"category","embeddable":true,"href":"https:\/\/tribunadeangola.org\/index.php?rest_route=%2Fwp%2Fv2%2Fcategories&post=5471"},{"taxonomy":"post_tag","embeddable":true,"href":"https:\/\/tribunadeangola.org\/index.php?rest_route=%2Fwp%2Fv2%2Ftags&post=5471"}],"curies":[{"name":"wp","href":"https:\/\/api.w.org\/{rel}","templated":true}]}}