{"id":5422,"date":"2021-11-02T19:36:41","date_gmt":"2021-11-02T19:36:41","guid":{"rendered":"https:\/\/tribunadeangola.org\/?p=5422"},"modified":"2021-11-09T15:34:26","modified_gmt":"2021-11-09T15:34:26","slug":"insurreicao","status":"publish","type":"post","link":"https:\/\/tribunadeangola.org\/?p=5422","title":{"rendered":"Insurrei\u00e7\u00e3o"},"content":{"rendered":"\n<p class=\"has-drop-cap\">H\u00e1 p\u00e2nico na UNITA, o terror invade o Galo Negro, nada se decide sem medo, falta coragem \u00e0 maioria silenciosa para que retorne \u00e0 normalidade.<\/p>\n\n\n\n<p>Sucedem-se as amea\u00e7as a Samakuva e a alguns seus pr\u00f3ximos colaboradores, Alcides Sakala decidiu afastar-se das lides partid\u00e1rias, manter\u00e1 o seu lugar de deputado, mas abra\u00e7ando, cada vez mais, a doc\u00eancia universit\u00e1ria. Dentro da UNITA real, a verdadeira, h\u00e1 um sentimento de profunda frustra\u00e7\u00e3o em rela\u00e7\u00e3o a Kamalata Numa, inqualific\u00e1vel postura de bajulador, uma prostituta da pol\u00edtica.<\/p>\n\n\n\n<p>Tudo se decide na rua, dia 10 em Bruxelas vai ser anunciado o come\u00e7o do assalto ao Poder, os subversivos querem vender a ideia de espontaneidade popular, houve movimenta\u00e7\u00f5es estranhas nos \u00faltimos dias, h\u00e1 alvos secretos bem definidos que pressup\u00f5em algo estranho que carece de conhecimento mais aprofundado.<\/p>\n\n\n\n<p>Definitivamente vive-se na UNITA uma m\u00e3o cheia de encena\u00e7\u00f5es, a linha dura ACJ\/GATO\/CHIVUKUVUKU s\u00e3o a ala belicista que urge travar, um jovem que passou por Lisboa a caminho dos Estados Unidos da Am\u00e9rica, confidenciou ter-lhe sido entregue uma pistola submetralhadora UZI, enfim algo estranho para uma realidade nunca desmentida.<\/p>\n","protected":false},"excerpt":{"rendered":"<p>H\u00e1 p\u00e2nico na UNITA, o terror invade o Galo Negro, nada se decide sem medo, falta coragem \u00e0 maioria silenciosa para que retorne \u00e0 normalidade. Sucedem-se as amea\u00e7as a Samakuva e a alguns seus pr\u00f3ximos colaboradores, Alcides Sakala decidiu afastar-se das lides partid\u00e1rias, manter\u00e1 o seu lugar de deputado, mas abra\u00e7ando, cada vez mais, a [&hellip;]<\/p>\n","protected":false},"author":5,"featured_media":5423,"comment_status":"closed","ping_status":"closed","sticky":false,"template":"","format":"standard","meta":{"inline_featured_image":false,"footnotes":""},"categories":[105,21],"tags":[327,491,27,24,350,1124,122,475,25],"class_list":["post-5422","post","type-post","status-publish","format-standard","has-post-thumbnail","hentry","category-noticias","category-opiniao","tag-abel-chivukuvuku","tag-acj","tag-alcides-sakala","tag-galo-negro","tag-insurreicoes","tag-kamalata-numa","tag-lukamba-gato","tag-poder","tag-unita"],"_links":{"self":[{"href":"https:\/\/tribunadeangola.org\/index.php?rest_route=\/wp\/v2\/posts\/5422","targetHints":{"allow":["GET"]}}],"collection":[{"href":"https:\/\/tribunadeangola.org\/index.php?rest_route=\/wp\/v2\/posts"}],"about":[{"href":"https:\/\/tribunadeangola.org\/index.php?rest_route=\/wp\/v2\/types\/post"}],"author":[{"embeddable":true,"href":"https:\/\/tribunadeangola.org\/index.php?rest_route=\/wp\/v2\/users\/5"}],"replies":[{"embeddable":true,"href":"https:\/\/tribunadeangola.org\/index.php?rest_route=%2Fwp%2Fv2%2Fcomments&post=5422"}],"version-history":[{"count":1,"href":"https:\/\/tribunadeangola.org\/index.php?rest_route=\/wp\/v2\/posts\/5422\/revisions"}],"predecessor-version":[{"id":5424,"href":"https:\/\/tribunadeangola.org\/index.php?rest_route=\/wp\/v2\/posts\/5422\/revisions\/5424"}],"wp:featuredmedia":[{"embeddable":true,"href":"https:\/\/tribunadeangola.org\/index.php?rest_route=\/wp\/v2\/media\/5423"}],"wp:attachment":[{"href":"https:\/\/tribunadeangola.org\/index.php?rest_route=%2Fwp%2Fv2%2Fmedia&parent=5422"}],"wp:term":[{"taxonomy":"category","embeddable":true,"href":"https:\/\/tribunadeangola.org\/index.php?rest_route=%2Fwp%2Fv2%2Fcategories&post=5422"},{"taxonomy":"post_tag","embeddable":true,"href":"https:\/\/tribunadeangola.org\/index.php?rest_route=%2Fwp%2Fv2%2Ftags&post=5422"}],"curies":[{"name":"wp","href":"https:\/\/api.w.org\/{rel}","templated":true}]}}