{"id":5416,"date":"2021-11-02T14:05:06","date_gmt":"2021-11-02T14:05:06","guid":{"rendered":"https:\/\/tribunadeangola.org\/?p=5416"},"modified":"2021-11-08T10:21:50","modified_gmt":"2021-11-08T10:21:50","slug":"mpla-na-vanguarda-das-reformas-sociais-que-o-pais-precisa","status":"publish","type":"post","link":"https:\/\/tribunadeangola.org\/?p=5416","title":{"rendered":"MPLA na vanguarda das reformas sociais que o pa\u00eds precisa"},"content":{"rendered":"\n<p class=\"has-drop-cap\">O MPLA tem as linhas orientadoras do seu governo bem tra\u00e7adas e isso ficou demonstrado mais uma vez no discurso proferido pelo Presidente da Rep\u00fablica Jo\u00e3o Louren\u00e7o (JLo) na abertura da XIII Confer\u00eancia Ordin\u00e1ria Provincial de Luanda.<\/p>\n\n\n\n<p>Desde logo, JLo deixou claro que o partido est\u00e1 preparado para os desafios que se avizinham, e que efectivamente o MPLA tem sido o promotor das principais transforma\u00e7\u00f5es, tendo impulsionado sempre a actualiza\u00e7\u00e3o da legisla\u00e7\u00e3o e as reformas constitucionais.<\/p>\n\n\n\n<p>Ao contr\u00e1rio do que muitos t\u00eam vindo a apregoar, o executivo do pa\u00eds tem sido um agente que tem proporcionado a pluralidade representativa, a disputa eleitoral e a profusa participa\u00e7\u00e3o dos cidad\u00e3os na vida de Angola.<\/p>\n\n\n\n<p>O Presidente recordou tamb\u00e9m que no tema democracia, \u201cAngola avan\u00e7ou nos \u00faltimos anos com mais liberdade de express\u00e3o, de imprensa e de reuni\u00e3o, numa democracia em pleno desenvolvimento que defende o primado da Lei em toda a sua ac\u00e7\u00e3o\u201d.<\/p>\n\n\n\n<p>JLo sublinhou a import\u00e2ncia das redes sociais nos dias que correm, apelando aos militantes do MPLA a aproveitarem o seu potencial no sentido de aprimorarem os mecanismos de fazer pol\u00edtica em ambientes digitais.<\/p>\n\n\n\n<p>Salientou tamb\u00e9m a import\u00e2ncia de o partido continuar a seguir uma cultura de respeito pela diferen\u00e7a, toler\u00e2ncia e solidariedade, isto \u00e9, que a cultura da paz se conserve no esp\u00edrito dos militantes, mesmo que isso n\u00e3o seja o que est\u00e1 sendo perfilhado por outros movimentos pol\u00edticos.<\/p>\n\n\n\n<p>Na mat\u00e9ria da sa\u00fade, naturalmente que o tema da pandemia covid-19 foi abordado. O Presidente manifestou preocupa\u00e7\u00e3o pelo facto de muitos angolanos n\u00e3o aderirem \u00e0 vacina\u00e7\u00e3o e por desvalorizarem as medidas de biosseguran\u00e7a. Por outro lado, exaltou o papel primordial que os profissionais de sa\u00fade t\u00eam desempenhado e reafirmou o empenho das autoridades angolanas no combate \u00e0 covid-19.<\/p>\n\n\n\n<p>O empenho e solidariedade dos militantes tamb\u00e9m n\u00e3o foi esquecido, e um aspecto que Louren\u00e7o fez quest\u00e3o de salientar, foi a paridade de g\u00e9nero, uma mat\u00e9ria que o MPLA se tem empenhado recentemente com o prop\u00f3sito de valorizar e reconhecer o papel da mulher nos v\u00e1rios segmentos da sociedade angolana.&nbsp; &nbsp;<\/p>\n\n\n\n<p>O MPLA \u00e9 um partido que est\u00e1 a ser o motor de desenvolvimento de um conjunto de reformas, que n\u00e3o quer deixar ningu\u00e9m para tr\u00e1s, por isso concilia a \u201cexperi\u00eancia dos mais velhos, a sabedoria da mulher e a energia e for\u00e7a da juventude\u201d, evidenciou o Presidente.<\/p>\n\n\n\n<p>Por \u00faltimo, relativamente \u00e0s medidas econ\u00f3micas mais recentes, JLo falou da redu\u00e7\u00e3o das taxas aduaneiras sobre alguns produtos de importa\u00e7\u00e3o e da diminui\u00e7\u00e3o em 50 % do IVA nos principais bens alimentares que constituem a cesta b\u00e1sica.<\/p>\n","protected":false},"excerpt":{"rendered":"<p>O MPLA tem as linhas orientadoras do seu governo bem tra\u00e7adas e isso ficou demonstrado mais uma vez no discurso proferido pelo Presidente da Rep\u00fablica Jo\u00e3o Louren\u00e7o (JLo) na abertura da XIII Confer\u00eancia Ordin\u00e1ria Provincial de Luanda. Desde logo, JLo deixou claro que o partido est\u00e1 preparado para os desafios que se avizinham, e que [&hellip;]<\/p>\n","protected":false},"author":1,"featured_media":5417,"comment_status":"open","ping_status":"open","sticky":false,"template":"","format":"standard","meta":{"inline_featured_image":false,"footnotes":""},"categories":[105,21],"tags":[208,567,1298,1301,33,399,1238,121,1300,1255,474,145,347,1299],"class_list":["post-5416","post","type-post","status-publish","format-standard","has-post-thumbnail","hentry","category-noticias","category-opiniao","tag-democracia","tag-digital","tag-genero","tag-iva","tag-joao-lourenco","tag-luanda","tag-militantes","tag-mpla","tag-mulher","tag-partido","tag-paz","tag-presidente-da-republica","tag-redes-sociais","tag-taxas-aduaneiras"],"_links":{"self":[{"href":"https:\/\/tribunadeangola.org\/index.php?rest_route=\/wp\/v2\/posts\/5416","targetHints":{"allow":["GET"]}}],"collection":[{"href":"https:\/\/tribunadeangola.org\/index.php?rest_route=\/wp\/v2\/posts"}],"about":[{"href":"https:\/\/tribunadeangola.org\/index.php?rest_route=\/wp\/v2\/types\/post"}],"author":[{"embeddable":true,"href":"https:\/\/tribunadeangola.org\/index.php?rest_route=\/wp\/v2\/users\/1"}],"replies":[{"embeddable":true,"href":"https:\/\/tribunadeangola.org\/index.php?rest_route=%2Fwp%2Fv2%2Fcomments&post=5416"}],"version-history":[{"count":1,"href":"https:\/\/tribunadeangola.org\/index.php?rest_route=\/wp\/v2\/posts\/5416\/revisions"}],"predecessor-version":[{"id":5418,"href":"https:\/\/tribunadeangola.org\/index.php?rest_route=\/wp\/v2\/posts\/5416\/revisions\/5418"}],"wp:featuredmedia":[{"embeddable":true,"href":"https:\/\/tribunadeangola.org\/index.php?rest_route=\/wp\/v2\/media\/5417"}],"wp:attachment":[{"href":"https:\/\/tribunadeangola.org\/index.php?rest_route=%2Fwp%2Fv2%2Fmedia&parent=5416"}],"wp:term":[{"taxonomy":"category","embeddable":true,"href":"https:\/\/tribunadeangola.org\/index.php?rest_route=%2Fwp%2Fv2%2Fcategories&post=5416"},{"taxonomy":"post_tag","embeddable":true,"href":"https:\/\/tribunadeangola.org\/index.php?rest_route=%2Fwp%2Fv2%2Ftags&post=5416"}],"curies":[{"name":"wp","href":"https:\/\/api.w.org\/{rel}","templated":true}]}}