{"id":5389,"date":"2021-10-27T14:39:37","date_gmt":"2021-10-27T13:39:37","guid":{"rendered":"https:\/\/tribunadeangola.org\/?p=5389"},"modified":"2021-10-31T16:16:16","modified_gmt":"2021-10-31T16:16:16","slug":"comeca-construcao-de-barragens-no-cunene-combate-a-seca-acelera","status":"publish","type":"post","link":"https:\/\/tribunadeangola.org\/?p=5389","title":{"rendered":"Come\u00e7a constru\u00e7\u00e3o de barragens no Cunene: combate \u00e0 seca acelera"},"content":{"rendered":"\n<p class=\"has-drop-cap\">A grande not\u00edcia que corresponder\u00e1 aos anseios das popula\u00e7\u00f5es e das autoridades tradicionais, bem como de todos os angolanos, \u00e9 que a constru\u00e7\u00e3o das barragens do Ndu\u00e9 e Calacuve no Cunene se iniciar\u00e3o j\u00e1 amanh\u00e3.<\/p>\n\n\n\n<p>Esta constru\u00e7\u00e3o traz uma grande nota de esperan\u00e7a a todos que sofrem com a seca e a fome consequente. Na verdade, vai permitir acumular e canalizar a \u00e1gua para onde \u00e9 precisa e assim acabar com o estio habitual. \u00c9 uma medida fundamental de futuro e surge para al\u00e9m do barulho e gritaria habituais, mostrando que este governo trabalha e est\u00e1 com o povo, acorrendo \u00e0s\u00a0suas necessidades.<\/p>\n\n\n\n<p>Estas barragens inserem-se num vasto programa de investimento do Governo de Angola no \u00e2mbito do \u201cPrograma de A\u00e7\u00f5es Estruturantes de Combate aos efeitos da Seca \u2013 Prov\u00edncia do Cunene\u201d.<\/p>\n\n\n\n<p>De visita em Julho ao Sul, Jo\u00e3o Louren\u00e7o tinha anunciado a constru\u00e7\u00e3o de infraestruturas para minimizar problema da seca. Na altura, o Presidente disse: \u201c&#8221;A partir de outubro garantimos que as m\u00e1quinas v\u00e3o estar no terreno para dar in\u00edcio a esses dois projectos.&#8221; Agora cumpre.<\/p>\n\n\n\n<p>Muitos prometem, Louren\u00e7o cumpre.<\/p>\n","protected":false},"excerpt":{"rendered":"<p>A grande not\u00edcia que corresponder\u00e1 aos anseios das popula\u00e7\u00f5es e das autoridades tradicionais, bem como de todos os angolanos, \u00e9 que a constru\u00e7\u00e3o das barragens do Ndu\u00e9 e Calacuve no Cunene se iniciar\u00e3o j\u00e1 amanh\u00e3. Esta constru\u00e7\u00e3o traz uma grande nota de esperan\u00e7a a todos que sofrem com a seca e a fome consequente. Na [&hellip;]<\/p>\n","protected":false},"author":1,"featured_media":5390,"comment_status":"open","ping_status":"open","sticky":false,"template":"","format":"standard","meta":{"inline_featured_image":false,"footnotes":""},"categories":[105,21],"tags":[864,1272,1273,127,798,33,1271,305,177,462],"class_list":["post-5389","post","type-post","status-publish","format-standard","has-post-thumbnail","hentry","category-noticias","category-opiniao","tag-barragem","tag-calacuve","tag-cunene","tag-governo","tag-infraestruturas","tag-joao-lourenco","tag-ndue","tag-povo","tag-presidente","tag-seca"],"_links":{"self":[{"href":"https:\/\/tribunadeangola.org\/index.php?rest_route=\/wp\/v2\/posts\/5389","targetHints":{"allow":["GET"]}}],"collection":[{"href":"https:\/\/tribunadeangola.org\/index.php?rest_route=\/wp\/v2\/posts"}],"about":[{"href":"https:\/\/tribunadeangola.org\/index.php?rest_route=\/wp\/v2\/types\/post"}],"author":[{"embeddable":true,"href":"https:\/\/tribunadeangola.org\/index.php?rest_route=\/wp\/v2\/users\/1"}],"replies":[{"embeddable":true,"href":"https:\/\/tribunadeangola.org\/index.php?rest_route=%2Fwp%2Fv2%2Fcomments&post=5389"}],"version-history":[{"count":1,"href":"https:\/\/tribunadeangola.org\/index.php?rest_route=\/wp\/v2\/posts\/5389\/revisions"}],"predecessor-version":[{"id":5391,"href":"https:\/\/tribunadeangola.org\/index.php?rest_route=\/wp\/v2\/posts\/5389\/revisions\/5391"}],"wp:featuredmedia":[{"embeddable":true,"href":"https:\/\/tribunadeangola.org\/index.php?rest_route=\/wp\/v2\/media\/5390"}],"wp:attachment":[{"href":"https:\/\/tribunadeangola.org\/index.php?rest_route=%2Fwp%2Fv2%2Fmedia&parent=5389"}],"wp:term":[{"taxonomy":"category","embeddable":true,"href":"https:\/\/tribunadeangola.org\/index.php?rest_route=%2Fwp%2Fv2%2Fcategories&post=5389"},{"taxonomy":"post_tag","embeddable":true,"href":"https:\/\/tribunadeangola.org\/index.php?rest_route=%2Fwp%2Fv2%2Ftags&post=5389"}],"curies":[{"name":"wp","href":"https:\/\/api.w.org\/{rel}","templated":true}]}}