{"id":5353,"date":"2021-10-23T09:59:23","date_gmt":"2021-10-23T08:59:23","guid":{"rendered":"https:\/\/tribunadeangola.org\/?p=5353"},"modified":"2021-10-27T10:36:41","modified_gmt":"2021-10-27T09:36:41","slug":"unita-berco-da-clandestinidade","status":"publish","type":"post","link":"https:\/\/tribunadeangola.org\/?p=5353","title":{"rendered":"UNITA &#8211; Ber\u00e7o da Clandestinidade"},"content":{"rendered":"\n<p class=\"has-drop-cap\">O Congresso Proforma vai realizar-se mesmo sem Qu\u00f3rum, a sala vai encher para aclamar o tirano, que face ao medo instalado, como tantos ditadores inflamados ser\u00e1 legitimado por aplausos da capoeira, e marchas ruidosas nas ruas, escalando e desafiando o trilho do Poder.<\/p>\n\n\n\n<p>Apoiado cada vez mais por fundos sonegados aos angolanos pelos marimbondos, de m\u00e3os estendidas ao apoio externo de Isabel dos Santos, em perene confronto com a legalidade, compram-se apoios legitimadores internacionais em nome da UNITA\/FPU com a lideran\u00e7a de ACJ e Chivukuvuku, um l\u00edder que j\u00e1 n\u00e3o \u00e9, e outro sem Partido, vendendo externamente Angola como terra sem Lei.<\/p>\n\n\n\n<p>Preparam-se viagens \u00e0 Europa e Estados Unidos da Am\u00e9rica onde a peso de ouro se organizam com Lobby&#8217;s e ONG&#8217;s, encontros fantasmas para a propaganda, reuni\u00f5es pomposas com r\u00f3tulos de Pan-Africanismo, regadas a champanhe acompanhado de caviar, onde terceiras e quartas figuras aparecer\u00e3o engravatados nos retratos, qui\u00e7\u00e1 com foto tiradas nas escadarias do Capit\u00f3lio.<\/p>\n\n\n\n<p>Definitivamente a UNITA com ACJ v\u00ea-se cerceada da sua legitimidade democr\u00e1tica, a autoridade institucional diluiu-se na rua, disseminou-se pelo ativismo subversivo, j\u00e1 \u00e9 um epicentro de amea\u00e7a permanente, com perca declarada de legitimidade e honorabilidade para participar em Acto Eleitoral, as consequ\u00eancias de uma derrota est\u00e3o \u00e0 vista, e h\u00e1 cumplicidades ativas e passivas.<\/p>\n\n\n\n<p>Al\u00e9m da pr\u00e9 concep\u00e7\u00e3o de vit\u00f3ria, que at\u00e9 poderia ser um slogan pr\u00e9-eleitoral, h\u00e1 a agravante de ser em simult\u00e2neo ensaiada \u00e0 exaust\u00e3o uma rea\u00e7\u00e3o insurrecional de n\u00e3o aceita\u00e7\u00e3o de resultados, para isso movimentam-se pessoas e meios para o conflito que inevitavelmente se avizinha.<\/p>\n\n\n\n<p>A primeira v\u00edtima desta escalada da tirania \u00e9 a pr\u00f3pria UNITA, o medo e a press\u00e3o do banditismo condicionaram a realiza\u00e7\u00e3o do Congresso, o que seria se a Comiss\u00e3o Pol\u00edtica n\u00e3o decidisse? O ru\u00eddo n\u00e3o se fez presente por acaso, a orquestra est\u00e1 bem afinada, e o Galo Negro est\u00e1 aprisionado na capoeira de ACJ e o seu leque de alienados, \u00e0 boa maneira de Hitler anulou o Partido, engoliu Chivukuvuku na FPU, desta vez n\u00e3o vai precisar mais do grupo da Vila Alice para o apoiar, e assim apagou a heran\u00e7a de Jonas Savimbi e est\u00e1 a escrever a sua pr\u00f3pria hist\u00f3ria.<\/p>\n\n\n\n<p>Caber\u00e1 mais uma vez,\u00a0ao contr\u00e1rio do que parece, ao MPLA defender Angola e a sua integridade territorial, as suas Institui\u00e7\u00f5es de sustentabilidade do Estado, a cada dia que passa a tarefa ser\u00e1 mais dif\u00edcil, a raiz da crueldade \u00e9 egoc\u00eantrica, tem nome, ACJ.<\/p>\n\n\n\n<p>O princ\u00edpio do fim da UNITA&#8230;!!!<\/p>\n","protected":false},"excerpt":{"rendered":"<p>O Congresso Proforma vai realizar-se mesmo sem Qu\u00f3rum, a sala vai encher para aclamar o tirano, que face ao medo instalado, como tantos ditadores inflamados ser\u00e1 legitimado por aplausos da capoeira, e marchas ruidosas nas ruas, escalando e desafiando o trilho do Poder. Apoiado cada vez mais por fundos sonegados aos angolanos pelos marimbondos, de [&hellip;]<\/p>\n","protected":false},"author":5,"featured_media":5354,"comment_status":"open","ping_status":"open","sticky":false,"template":"","format":"standard","meta":{"inline_featured_image":false,"footnotes":""},"categories":[105,21],"tags":[327,491,89,125,1015,169,1082,24,1247,121,1246,475,25],"class_list":["post-5353","post","type-post","status-publish","format-standard","has-post-thumbnail","hentry","category-noticias","category-opiniao","tag-abel-chivukuvuku","tag-acj","tag-angola","tag-comissao-politica","tag-congresso","tag-eua","tag-fpu","tag-galo-negro","tag-lobby","tag-mpla","tag-ong","tag-poder","tag-unita"],"_links":{"self":[{"href":"https:\/\/tribunadeangola.org\/index.php?rest_route=\/wp\/v2\/posts\/5353","targetHints":{"allow":["GET"]}}],"collection":[{"href":"https:\/\/tribunadeangola.org\/index.php?rest_route=\/wp\/v2\/posts"}],"about":[{"href":"https:\/\/tribunadeangola.org\/index.php?rest_route=\/wp\/v2\/types\/post"}],"author":[{"embeddable":true,"href":"https:\/\/tribunadeangola.org\/index.php?rest_route=\/wp\/v2\/users\/5"}],"replies":[{"embeddable":true,"href":"https:\/\/tribunadeangola.org\/index.php?rest_route=%2Fwp%2Fv2%2Fcomments&post=5353"}],"version-history":[{"count":1,"href":"https:\/\/tribunadeangola.org\/index.php?rest_route=\/wp\/v2\/posts\/5353\/revisions"}],"predecessor-version":[{"id":5355,"href":"https:\/\/tribunadeangola.org\/index.php?rest_route=\/wp\/v2\/posts\/5353\/revisions\/5355"}],"wp:featuredmedia":[{"embeddable":true,"href":"https:\/\/tribunadeangola.org\/index.php?rest_route=\/wp\/v2\/media\/5354"}],"wp:attachment":[{"href":"https:\/\/tribunadeangola.org\/index.php?rest_route=%2Fwp%2Fv2%2Fmedia&parent=5353"}],"wp:term":[{"taxonomy":"category","embeddable":true,"href":"https:\/\/tribunadeangola.org\/index.php?rest_route=%2Fwp%2Fv2%2Fcategories&post=5353"},{"taxonomy":"post_tag","embeddable":true,"href":"https:\/\/tribunadeangola.org\/index.php?rest_route=%2Fwp%2Fv2%2Ftags&post=5353"}],"curies":[{"name":"wp","href":"https:\/\/api.w.org\/{rel}","templated":true}]}}