{"id":5327,"date":"2021-10-19T12:44:17","date_gmt":"2021-10-19T11:44:17","guid":{"rendered":"https:\/\/tribunadeangola.org\/?p=5327"},"modified":"2021-10-21T12:02:46","modified_gmt":"2021-10-21T11:02:46","slug":"a-entrevista-de-joao-lourenco-ao-financial-times","status":"publish","type":"post","link":"https:\/\/tribunadeangola.org\/?p=5327","title":{"rendered":"A entrevista de Jo\u00e3o Louren\u00e7o ao Financial Times"},"content":{"rendered":"\n<p><strong>19 Outubro 2021<\/strong><\/p>\n\n\n\n<p><strong>(sum\u00e1rio em portugu\u00eas)<\/strong><\/p>\n\n\n\n<p><strong>Entrevista de Jo\u00e3o Louren\u00e7o ao jornal ingl\u00eas Financial Times (19 Outubro de 2021):<\/strong><\/p>\n\n\n\n<p>Afirma o Presidente Jo\u00e3o Louren\u00e7o:<\/p>\n\n\n\n<p>-A nossa reforma deve ter dois objectivos principais, que s\u00e3o fortalecer o estado de direito democr\u00e1tico e implementar uma verdadeira economia de mercado.<\/p>\n\n\n\n<p>-O sector privado deve ser estimulado por meio de um programa cont\u00ednuo de privatiza\u00e7\u00f5es para que possa funcionar como um motor econ\u00f3mico.<\/p>\n\n\n\n<p>-Em termos de pol\u00edtica energ\u00e9tica, a estrat\u00e9gia \u00e9 procurar mais investimentos em combust\u00edveis f\u00f3sseis at\u00e9 que uma nova economia mais verde e diversificada possa ser constru\u00edda. Estamos a trabalhar para atrair um maior investimento na produ\u00e7\u00e3o de petr\u00f3leo, mas especialmente na produ\u00e7\u00e3o de g\u00e1s [natural].<\/p>\n\n\n\n<p>-H\u00e1 uma tempestade econ\u00f3mica feroz, mas vai passar com o in\u00edcio dos esfor\u00e7os de reforma. A economia est\u00e1 a entrar num per\u00edodo de recupera\u00e7\u00e3o, depois da tempestade.<\/p>\n\n\n\n<p>-O governo controlou as finan\u00e7as p\u00fablicas e colocou a d\u00edvida externa do pa\u00eds numa base &#8220;sustent\u00e1vel&#8221;. O aumento do rating da Moody\u00b4s referente \u00e0 d\u00edvida de Angola em Setembro &#8211; de Caa1 para B3, foi o reconhecimento da seriedade do nosso programa de reformas.<\/p>\n\n\n\n<p>-Compreende-se o descontentamento popular, mas as reformas est\u00e3o a progredir. Destaca-se a privatiza\u00e7\u00e3o como uma plataforma pol\u00edtica central. Queremos tornar mais eficientes todos os activos que antes eram detidos pelo Estado e transferi-los para o sector privado para que produzam mais e melhores bens e servi\u00e7os.<\/p>\n\n\n\n<p>-Sobre a privatiza\u00e7\u00e3o parcial da Sonangol e Endiama n\u00e3o arriscaria garantir que isso aconte\u00e7a no pr\u00f3ximo ano, devido \u00e0 sua reestrutura\u00e7\u00e3o. Vamos colocar no mercado parte do capital dessas grandes empresas p\u00fablicas. Contudo, o estado continuar\u00e1 a ter participa\u00e7\u00e3o nessas mesmas empresas, incluindo a TAAG, a companhia a\u00e9rea nacional.<\/p>\n\n\n\n<p>-Minimiza as preocupa\u00e7\u00f5es de que o pa\u00eds esteja muito endividado. O presidente aponta para um acordo com os credores chineses &#8211; aos quais Angola deve mais de metade da sua d\u00edvida externa de $ 40 mil milh\u00f5es &#8211; para al\u00edvio da d\u00edvida at\u00e9 2023.<\/p>\n\n\n\n<p>-Os mercados de capitais permanecem abertos caso o pa\u00eds deseje aproveit\u00e1-los. Com este ambiente de neg\u00f3cios que estamos a criar, com esta classifica\u00e7\u00e3o da Moody&#8217;s, com o sucesso do programa de financiamento expandido do FMI, as hip\u00f3teses de abrir as portas para. . . os credores internacionais est\u00e3o a aumentar.<\/p>\n\n\n\n<p>-O Presidente defende veementemente a sua campanha anticorrup\u00e7\u00e3o, apesar das cr\u00edticas. No n\u00edvel do partido sempre houve o reconhecimento de que havia corrup\u00e7\u00e3o, corrup\u00e7\u00e3o desenfreada. Isso tem sido falado h\u00e1 anos. A diferen\u00e7a \u00e9 que antes s\u00f3 havia conversa, mas nenhuma ac\u00e7\u00e3o. E hoje est\u00e1 sendo travada em todos os n\u00edveis, contra os grandes e contra os pequenos.<\/p>\n\n\n\n<p>-Insiste que os tribunais, n\u00e3o a presid\u00eancia, lideraram o processo anticorrup\u00e7\u00e3o.<\/p>\n\n\n\n<p>-Sobre Isabel dos Santos: \u201cquem n\u00e3o deve, n\u00e3o teme\u201d &#8211; se voc\u00ea n\u00e3o tem nada a esconder, n\u00e3o tem nada a temer.<\/p>\n\n\n\n<p>-Sobre Jos\u00e9 Eduardo dos Santos: O facto de ele ter voltado \u00e9 bom para todos, n\u00e3o s\u00f3 para o nosso relacionamento, mas \u00e9 bom para o pa\u00eds, \u00e9 bom para a nossa festa\u201d.<\/p>\n\n\n\n<p>-Quanto \u00e0 possibilidade de MPLA ter um resultado fraco nas pr\u00f3ximas elei\u00e7\u00f5es, penso que \u00e9 muito remota, pois quem conhece o pa\u00eds compreende a resist\u00eancia do MPLA.<\/p>\n","protected":false},"excerpt":{"rendered":"<p>19 Outubro 2021 (sum\u00e1rio em portugu\u00eas) Entrevista de Jo\u00e3o Louren\u00e7o ao jornal ingl\u00eas Financial Times (19 Outubro de 2021): Afirma o Presidente Jo\u00e3o Louren\u00e7o: -A nossa reforma deve ter dois objectivos principais, que s\u00e3o fortalecer o estado de direito democr\u00e1tico e implementar uma verdadeira economia de mercado. -O sector privado deve ser estimulado por meio [&hellip;]<\/p>\n","protected":false},"author":1,"featured_media":5328,"comment_status":"open","ping_status":"open","sticky":false,"template":"","format":"standard","meta":{"inline_featured_image":false,"footnotes":""},"categories":[105,21],"tags":[1094,163,1230,386,300,94,1229,540,39,33,120,294,121,271,177,244],"class_list":["post-5327","post","type-post","status-publish","format-standard","has-post-thumbnail","hentry","category-noticias","category-opiniao","tag-chineses","tag-combate-a-corrupcao","tag-combustiveis-fosseis","tag-divida-publica","tag-economia","tag-estado-de-direito","tag-financial-times","tag-gas-natural","tag-isabel-dos-santos","tag-joao-lourenco","tag-jose-eduardo-dos-santos","tag-moodys","tag-mpla","tag-petroleo","tag-presidente","tag-privatizacoes"],"_links":{"self":[{"href":"https:\/\/tribunadeangola.org\/index.php?rest_route=\/wp\/v2\/posts\/5327","targetHints":{"allow":["GET"]}}],"collection":[{"href":"https:\/\/tribunadeangola.org\/index.php?rest_route=\/wp\/v2\/posts"}],"about":[{"href":"https:\/\/tribunadeangola.org\/index.php?rest_route=\/wp\/v2\/types\/post"}],"author":[{"embeddable":true,"href":"https:\/\/tribunadeangola.org\/index.php?rest_route=\/wp\/v2\/users\/1"}],"replies":[{"embeddable":true,"href":"https:\/\/tribunadeangola.org\/index.php?rest_route=%2Fwp%2Fv2%2Fcomments&post=5327"}],"version-history":[{"count":1,"href":"https:\/\/tribunadeangola.org\/index.php?rest_route=\/wp\/v2\/posts\/5327\/revisions"}],"predecessor-version":[{"id":5329,"href":"https:\/\/tribunadeangola.org\/index.php?rest_route=\/wp\/v2\/posts\/5327\/revisions\/5329"}],"wp:featuredmedia":[{"embeddable":true,"href":"https:\/\/tribunadeangola.org\/index.php?rest_route=\/wp\/v2\/media\/5328"}],"wp:attachment":[{"href":"https:\/\/tribunadeangola.org\/index.php?rest_route=%2Fwp%2Fv2%2Fmedia&parent=5327"}],"wp:term":[{"taxonomy":"category","embeddable":true,"href":"https:\/\/tribunadeangola.org\/index.php?rest_route=%2Fwp%2Fv2%2Fcategories&post=5327"},{"taxonomy":"post_tag","embeddable":true,"href":"https:\/\/tribunadeangola.org\/index.php?rest_route=%2Fwp%2Fv2%2Ftags&post=5327"}],"curies":[{"name":"wp","href":"https:\/\/api.w.org\/{rel}","templated":true}]}}