{"id":5310,"date":"2021-10-18T11:25:53","date_gmt":"2021-10-18T10:25:53","guid":{"rendered":"https:\/\/tribunadeangola.org\/?p=5310"},"modified":"2021-10-21T10:25:45","modified_gmt":"2021-10-21T09:25:45","slug":"focus-group-os-angolanos-estao-angustiados-com-a-economia-mas-mais-preocupados-com-a-radicalizacao-e-intolerancia","status":"publish","type":"post","link":"https:\/\/tribunadeangola.org\/?p=5310","title":{"rendered":"As novidades do &#8220;focus group&#8221; da Tribuna"},"content":{"rendered":"\n<p class=\"has-drop-cap\">O \u201cfocus group\u201d que a Tribuna constituiu e que a partir de agora se vai pronunciar sobre quest\u00f5es da actualidade angolana, apontou algumas das principais preocupa\u00e7\u00f5es que avassalam os angolanos.<\/p>\n\n\n\n<p>Um sentimento muito forte come\u00e7a a surgir na opini\u00e3o p\u00fablica (que n\u00e3o a publicada), que surpreendeu os analistas.<\/p>\n\n\n\n<p>Esse sentimento \u00e9 de medo com a radicaliza\u00e7\u00e3o que os chamados activistas e algumas for\u00e7as da UNITA est\u00e3o a promover nas ruas e nas redes sociais.<\/p>\n\n\n\n<p>Existe um ataque indiscriminado a quem n\u00e3o concorda com as teses dos activistas e de Adalberto da Costa J\u00fanior.<\/p>\n\n\n\n<p>H\u00e1 o medo que este descontrolo se alastre pelas ruas e traga a viol\u00eancia de 1992.<\/p>\n\n\n\n<p>Ao mesmo tempo, percebem que esta agita\u00e7\u00e3o toda pode inibir os investidores e retardar a recupera\u00e7\u00e3o econ\u00f3mica.<\/p>\n\n\n\n<p>Na verdade, o que ACJ e os activistas est\u00e3o a conseguir \u00e9 criar o medo de viol\u00eancia e do afastamento de investidores estrangeiros, de acordo com o nosso \u201cfocus group\u201d.<\/p>\n\n\n\n<p>O \u201cfocus group\u201d da Tribuna \u00e9 constitu\u00eddo por um pequeno grupo de angolanos, a maioria residente em Angola, outros na di\u00e1spora que interagem fisicamente e online e respondem \u00e0s quest\u00f5es colocadas pelo moderador da Tribuna. N\u00e3o se trata de uma sondagem, mas de obter uma vis\u00e3o qualitativa do sentir da popula\u00e7\u00e3o. Um \u201cfocus group\u201d \u00e9 uma t\u00e9cnica de pesquisa usada para colectar dados por meio de interac\u00e7\u00e3o de grupo. O grupo \u00e9 composto por um n\u00famero reduzido de pessoas cuidadosamente seleccionadas que discutem um determinado t\u00f3pico. Estes grupos s\u00e3o usados para identificar e explorar como as pessoas pensam e se comportam, e lan\u00e7am luz sobre o porqu\u00ea, o qu\u00ea e como.<\/p>\n","protected":false},"excerpt":{"rendered":"<p>O \u201cfocus group\u201d que a Tribuna constituiu e que a partir de agora se vai pronunciar sobre quest\u00f5es da actualidade angolana, apontou algumas das principais preocupa\u00e7\u00f5es que avassalam os angolanos. Um sentimento muito forte come\u00e7a a surgir na opini\u00e3o p\u00fablica (que n\u00e3o a publicada), que surpreendeu os analistas. Esse sentimento \u00e9 de medo com a [&hellip;]<\/p>\n","protected":false},"author":1,"featured_media":5312,"comment_status":"open","ping_status":"open","sticky":false,"template":"","format":"standard","meta":{"inline_featured_image":false,"footnotes":""},"categories":[105,21],"tags":[491,346,28,1208,300,1205,1206,1207,347,25,620],"class_list":["post-5310","post","type-post","status-publish","format-standard","has-post-thumbnail","hentry","category-noticias","category-opiniao","tag-acj","tag-activistas","tag-adalberto-costa-junior","tag-desemprego","tag-economia","tag-focus-group","tag-intolerancia","tag-radicalizacao","tag-redes-sociais","tag-unita","tag-violencia"],"_links":{"self":[{"href":"https:\/\/tribunadeangola.org\/index.php?rest_route=\/wp\/v2\/posts\/5310","targetHints":{"allow":["GET"]}}],"collection":[{"href":"https:\/\/tribunadeangola.org\/index.php?rest_route=\/wp\/v2\/posts"}],"about":[{"href":"https:\/\/tribunadeangola.org\/index.php?rest_route=\/wp\/v2\/types\/post"}],"author":[{"embeddable":true,"href":"https:\/\/tribunadeangola.org\/index.php?rest_route=\/wp\/v2\/users\/1"}],"replies":[{"embeddable":true,"href":"https:\/\/tribunadeangola.org\/index.php?rest_route=%2Fwp%2Fv2%2Fcomments&post=5310"}],"version-history":[{"count":5,"href":"https:\/\/tribunadeangola.org\/index.php?rest_route=\/wp\/v2\/posts\/5310\/revisions"}],"predecessor-version":[{"id":5320,"href":"https:\/\/tribunadeangola.org\/index.php?rest_route=\/wp\/v2\/posts\/5310\/revisions\/5320"}],"wp:featuredmedia":[{"embeddable":true,"href":"https:\/\/tribunadeangola.org\/index.php?rest_route=\/wp\/v2\/media\/5312"}],"wp:attachment":[{"href":"https:\/\/tribunadeangola.org\/index.php?rest_route=%2Fwp%2Fv2%2Fmedia&parent=5310"}],"wp:term":[{"taxonomy":"category","embeddable":true,"href":"https:\/\/tribunadeangola.org\/index.php?rest_route=%2Fwp%2Fv2%2Fcategories&post=5310"},{"taxonomy":"post_tag","embeddable":true,"href":"https:\/\/tribunadeangola.org\/index.php?rest_route=%2Fwp%2Fv2%2Ftags&post=5310"}],"curies":[{"name":"wp","href":"https:\/\/api.w.org\/{rel}","templated":true}]}}