{"id":5189,"date":"2021-09-30T10:00:00","date_gmt":"2021-09-30T09:00:00","guid":{"rendered":"https:\/\/tribunadeangola.org\/?p=5189"},"modified":"2021-10-04T10:05:02","modified_gmt":"2021-10-04T09:05:02","slug":"presidencia-angolana-na-cplp-da-os-primeiros-passos","status":"publish","type":"post","link":"https:\/\/tribunadeangola.org\/?p=5189","title":{"rendered":"Presid\u00eancia angolana na CPLP d\u00e1 os primeiros passos"},"content":{"rendered":"\n<p class=\"has-drop-cap\">Ao assumir a presid\u00eancia da CPLP (Comunidade dos Pa\u00edses de L\u00edngua Portuguesa), Angola j\u00e1 come\u00e7ou a definir a sua estrat\u00e9gia nesta organiza\u00e7\u00e3o internacional. \u00c0 margem da \u00faltima Assembleia Geral das Na\u00e7\u00f5es Unidas, o Ministro das Rela\u00e7\u00f5es Exteriores, T\u00e9te Ant\u00f3nio presidiu uma reuni\u00e3o com os seus cong\u00e9neres dos restantes pa\u00edses membros da Comunidade.<\/p>\n\n\n\n<p>De acordo com o ministro, a reuni\u00e3o teve o objectivo de definir concretamente os pr\u00f3ximos passos a serem dados. Naturalmente que a vertente econ\u00f3mica, que \u00e9 uma das prioridades da presid\u00eancia angolana, foi um dos temas abordados, contudo foi lembrado que s\u00f3 se pode avan\u00e7ar neste plano, se forem disponibilizados os instrumentos adequados. Uma das propostas, j\u00e1 tinha sido avan\u00e7ada por Angola na reuni\u00e3o que decorreu em Luanda na \u00faltima confer\u00eancia da CPLP (ver: CPLP aproxima-se dos cidad\u00e3os e Angola assume a presid\u00eancia- <a href=\"https:\/\/tribunadeangola.org\/?p=4877\">https:\/\/tribunadeangola.org\/?p=4877<\/a>). Essa proposta, lan\u00e7ada pelo Presidente Jo\u00e3o Louren\u00e7o, que passa pela cria\u00e7\u00e3o de um quarto pilar nos objectivos da organiza\u00e7\u00e3o \u2013 o econ\u00f3mico e empresarial \u2013 visa o estabelecimento de um banco da CPLP.&nbsp;<\/p>\n\n\n\n<p>Este encontro dos ministros dos neg\u00f3cios estrangeiros da CPLP, serviu tamb\u00e9m para estipular a forma como a organiza\u00e7\u00e3o se deve relacionar com a comunidade internacional. Uma vez que v\u00e3o decorrer alguns f\u00f3runs internacionais extremamente importantes, seria significativo unir os interesses de todos os estados-membros em torno das posi\u00e7\u00f5es a serem defendidas nestes encontros internacionais, acrescentou T\u00e9te Ant\u00f3nio.&nbsp; Assim, foi analisada a participa\u00e7\u00e3o da CPLP nos pr\u00f3ximos f\u00f3runs internacionais, incluindo a Confer\u00eancia das Na\u00e7\u00f5es Unidas sobre o Clima (COP-26), de novembro pr\u00f3ximo em Glasgow (Esc\u00f3cia), assim como a II Confer\u00eancia Internacional sobre os Oceanos que vai realizar-se em Portugal no pr\u00f3ximo ano. Esta confer\u00eancia ser\u00e1 organizada conjuntamente por Portugal e Qu\u00e9nia e tem como prop\u00f3sito a implementa\u00e7\u00e3o do Objectivo para o Desenvolvimento Sustent\u00e1vel n\u00ba 14, relativo \u00e0 seguran\u00e7a mar\u00edtima. Apreci\u00e1vel tamb\u00e9m, foi a not\u00edcia que a CPLP est\u00e1 a preparar a sua contribui\u00e7\u00e3o ao projecto de Tratado Internacional sobre as Pandemias, actualmente em negocia\u00e7\u00e3o.<\/p>\n\n\n\n<p>O ministro angolano, em nome da CPLP destacou por fim, que esta organiza\u00e7\u00e3o est\u00e1 alerta relativamente \u00e0s li\u00e7\u00f5es tiradas neste per\u00edodo de pandemia da covid-19, especialmente no que concerne ao acesso \u00e0s vacinas e a forma como os pa\u00edses em desenvolvimento foram marginalizados neste processo. &nbsp;<\/p>\n\n\n\n<p>Segundo fonte oficial da CPLP, um \u00faltimo aspecto a sublinhar, \u00e9 o facto de Angola passar a ter representa\u00e7\u00e3o diplom\u00e1tica permanente junto da organiza\u00e7\u00e3o, na cidade de Lisboa. Essa representa\u00e7\u00e3o ser\u00e1 liderada por Francisco Oliveira Encoge, que foi director do gabinete de Apoio \u00e0 CPLP e PALOP (Pa\u00edses Africanos de L\u00edngua Oficial Portuguesa) do Minist\u00e9rio das Rela\u00e7\u00f5es Exteriores angolano.<\/p>\n","protected":false},"excerpt":{"rendered":"<p>Ao assumir a presid\u00eancia da CPLP (Comunidade dos Pa\u00edses de L\u00edngua Portuguesa), Angola j\u00e1 come\u00e7ou a definir a sua estrat\u00e9gia nesta organiza\u00e7\u00e3o internacional. \u00c0 margem da \u00faltima Assembleia Geral das Na\u00e7\u00f5es Unidas, o Ministro das Rela\u00e7\u00f5es Exteriores, T\u00e9te Ant\u00f3nio presidiu uma reuni\u00e3o com os seus cong\u00e9neres dos restantes pa\u00edses membros da Comunidade. De acordo com [&hellip;]<\/p>\n","protected":false},"author":1,"featured_media":5190,"comment_status":"open","ping_status":"open","sticky":false,"template":"","format":"standard","meta":{"inline_featured_image":false,"footnotes":""},"categories":[105,21],"tags":[89,1157,805,760,300,1154,1158,434,1156,170,359,1155],"class_list":["post-5189","post","type-post","status-publish","format-standard","has-post-thumbnail","hentry","category-noticias","category-opiniao","tag-angola","tag-cop-26","tag-cplp","tag-diplomacia","tag-economia","tag-francisco-oliveira-encoge","tag-oceanos","tag-organizacao","tag-palop","tag-pandemia","tag-tete-antonio","tag-vacina"],"_links":{"self":[{"href":"https:\/\/tribunadeangola.org\/index.php?rest_route=\/wp\/v2\/posts\/5189","targetHints":{"allow":["GET"]}}],"collection":[{"href":"https:\/\/tribunadeangola.org\/index.php?rest_route=\/wp\/v2\/posts"}],"about":[{"href":"https:\/\/tribunadeangola.org\/index.php?rest_route=\/wp\/v2\/types\/post"}],"author":[{"embeddable":true,"href":"https:\/\/tribunadeangola.org\/index.php?rest_route=\/wp\/v2\/users\/1"}],"replies":[{"embeddable":true,"href":"https:\/\/tribunadeangola.org\/index.php?rest_route=%2Fwp%2Fv2%2Fcomments&post=5189"}],"version-history":[{"count":2,"href":"https:\/\/tribunadeangola.org\/index.php?rest_route=\/wp\/v2\/posts\/5189\/revisions"}],"predecessor-version":[{"id":5192,"href":"https:\/\/tribunadeangola.org\/index.php?rest_route=\/wp\/v2\/posts\/5189\/revisions\/5192"}],"wp:featuredmedia":[{"embeddable":true,"href":"https:\/\/tribunadeangola.org\/index.php?rest_route=\/wp\/v2\/media\/5190"}],"wp:attachment":[{"href":"https:\/\/tribunadeangola.org\/index.php?rest_route=%2Fwp%2Fv2%2Fmedia&parent=5189"}],"wp:term":[{"taxonomy":"category","embeddable":true,"href":"https:\/\/tribunadeangola.org\/index.php?rest_route=%2Fwp%2Fv2%2Fcategories&post=5189"},{"taxonomy":"post_tag","embeddable":true,"href":"https:\/\/tribunadeangola.org\/index.php?rest_route=%2Fwp%2Fv2%2Ftags&post=5189"}],"curies":[{"name":"wp","href":"https:\/\/api.w.org\/{rel}","templated":true}]}}