{"id":5183,"date":"2021-09-27T16:56:04","date_gmt":"2021-09-27T15:56:04","guid":{"rendered":"https:\/\/tribunadeangola.org\/?p=5183"},"modified":"2021-10-01T19:16:11","modified_gmt":"2021-10-01T18:16:11","slug":"politica-externa-de-biden-vai-de-mal-a-pior","status":"publish","type":"post","link":"https:\/\/tribunadeangola.org\/?p=5183","title":{"rendered":"Pol\u00edtica externa de Biden vai de mal a pior"},"content":{"rendered":"\n<p class=\"has-drop-cap\">Depois de um come\u00e7o prometedor e de criadas muitas expectativas ao redor do Presidente Biden, eis que nos encontramos numa fase em que muitos americanos j\u00e1 pedem a cabe\u00e7a do \u201cvelho Joe\u201d. Como cheg\u00e1mos a este ponto?<\/p>\n\n\n\n<p>A \u00faltima e grave ac\u00e7\u00e3o da pol\u00edtica externa americana aconteceu quando os franceses foram deixados de fora de um pacto de seguran\u00e7a envolvendo a partilha de tecnologias de defesa avan\u00e7adas, liderado pelos EUA com a Austr\u00e1lia e o Reino Unido. O j\u00e1 designado \u2018AUKUS\u2019, naturalmente gerou uma rea\u00e7\u00e3o negativa da parte de alguns quadrantes, como por exemplo a China, visto que este pacto visa colocar um trav\u00e3o \u00e0 sua influ\u00eancia no Indo-Pac\u00edfico. Contudo, ao que tudo indica, Biden e a sua administra\u00e7\u00e3o foi apanhada completamente de surpresa, face \u00e0 rea\u00e7\u00e3o bem estridente e sonora da parte da Fran\u00e7a, principalmente do Presidente Macron.<\/p>\n\n\n\n<p>Embora j\u00e1 se soubesse que este acordo iria derrubar o acordo da Fran\u00e7a em fornecer submarinos nucleares \u00e0 Austr\u00e1lia (um neg\u00f3cio de 56 mil milh\u00f5es de euros), Biden n\u00e3o estava preparado para uma rea\u00e7\u00e3o t\u00e3o efusivamente descontente da diplomacia francesa.<\/p>\n\n\n\n<p>Este pacto, vem na sequ\u00eancia de v\u00e1rias asneiras feitas no contexto da pol\u00edtica externa americana. A mais vis\u00edvel, a retirada completamente atabalhoada e vergonhosa do Afeganist\u00e3o, marca o fim do estado de gra\u00e7a de Biden, e a passagem para o extremo oposto, um fim sem gl\u00f3ria e humilhante para a principal pot\u00eancia militar do mundo. No caso do AUKUS, o Presidente acabou por fazer uma liga\u00e7\u00e3o a Macron, que resultou basicamente num \u2018mea culpa\u2019 assumido por ele. &nbsp;<\/p>\n\n\n\n<p>Estas gafes e embrulhadas mais recentes, deixaram as autoridades americanas e estrangeiras perplexas perante estes dois recentes fracassos diplom\u00e1ticos do governo Biden \u2013 primeiro na execu\u00e7\u00e3o da retirada do Afeganist\u00e3o que culminou com uma grande trag\u00e9dia, quando um ataque de drones dos EUA, por engano teve como alvo um trabalhador de uma ONG afeg\u00e3 matando 10 civis, e depois conseguir enfurecer o seu aliado mais antigo, a Fran\u00e7a, mantendo o pa\u00eds completamente no \u201cescuro\u201d em rela\u00e7\u00e3o ao neg\u00f3cio dos submarinos.<\/p>\n\n\n\n<p>Uma quest\u00e3o que desde logo se pode colocar \u00e9, quais as raz\u00f5es para tanto disparate? Uns apontam falhas na coordena\u00e7\u00e3o e comunica\u00e7\u00e3o entre o Conselho de Seguran\u00e7a Nacional (CSN) e o Departamento de Estado, que geralmente \u00e9 o principal elo de liga\u00e7\u00e3o com os parceiros internacionais. Mas tamb\u00e9m existe uma outra corrente de opini\u00e3o que acredita que um dos principais problemas tem sido a falta de embaixadores confirmados pelo Senado e funcion\u00e1rios do Departamento de Estado que poderiam servir como um controle sobre o poderoso CSN dentro da Casa Branca.<\/p>\n\n\n\n<p>Assistimos assim a uma luta de influ\u00eancias de v\u00e1rios campos, que est\u00e3o por esta altura a gerar bastantes desequil\u00edbrios e desorganiza\u00e7\u00e3o. Seja como for Biden e a sua administra\u00e7\u00e3o n\u00e3o est\u00e1 a ter energia e compet\u00eancia suficiente para agir cabalmente nos v\u00e1rios cen\u00e1rios internacionais.<\/p>\n\n\n\n<p>Algumas autoridades e legisladores americanos, acreditam que o foco intenso do governo sobre a China, fez com que fossem negligenciados outros assuntos, como por exemplo um planeamento adequado antes da retirada do Afeganist\u00e3o, ou o trabalho diplom\u00e1tico crucial desenvolvido com os aliados europeus.<\/p>\n\n\n\n<p>Nem tudo pode ser apontado ao Presidente. Na realidade, os cen\u00e1rios ou as crises, j\u00e1 estavam montadas h\u00e1 algum tempo, todavia, uma s\u00e9rie de eventos tem provocado uma enorme desconfian\u00e7a entre os pa\u00edses mais chegados aos EUA. Os eventos no Afeganist\u00e3o onde os americanos sa\u00edram \u00e0s pressas da base a\u00e9rea de Bagram dando pouco ou nenhum aviso aos aliados e o desastre do acordo AUKUS minaram gravemente a confian\u00e7a nos EUA. E em rela\u00e7\u00e3o a isso, o principal respons\u00e1vel \u00e9 Biden.<\/p>\n\n\n\n<p>Embora nos primeiros meses o seu governo tenha tido uma recep\u00e7\u00e3o calorosa dos seus parceiros internacionais, actualmente s\u00e3o v\u00e1rios os diplomatas a questionarem se o governo Biden ser\u00e1 efectivamente melhor que o de Trump.<\/p>\n","protected":false},"excerpt":{"rendered":"<p>Depois de um come\u00e7o prometedor e de criadas muitas expectativas ao redor do Presidente Biden, eis que nos encontramos numa fase em que muitos americanos j\u00e1 pedem a cabe\u00e7a do \u201cvelho Joe\u201d. Como cheg\u00e1mos a este ponto? A \u00faltima e grave ac\u00e7\u00e3o da pol\u00edtica externa americana aconteceu quando os franceses foram deixados de fora de [&hellip;]<\/p>\n","protected":false},"author":1,"featured_media":5184,"comment_status":"open","ping_status":"open","sticky":false,"template":"","format":"standard","meta":{"inline_featured_image":false,"footnotes":""},"categories":[105,21],"tags":[1067,1140,1144,1145,155,1143,1141,169,127,1110,315],"class_list":["post-5183","post","type-post","status-publish","format-standard","has-post-thumbnail","hentry","category-noticias","category-opiniao","tag-afeganistao","tag-americanos","tag-aukus","tag-australia","tag-china","tag-conselho-de-seguranca-nacional","tag-departamento-de-estado","tag-eua","tag-governo","tag-joe-biden","tag-reino-unido"],"_links":{"self":[{"href":"https:\/\/tribunadeangola.org\/index.php?rest_route=\/wp\/v2\/posts\/5183","targetHints":{"allow":["GET"]}}],"collection":[{"href":"https:\/\/tribunadeangola.org\/index.php?rest_route=\/wp\/v2\/posts"}],"about":[{"href":"https:\/\/tribunadeangola.org\/index.php?rest_route=\/wp\/v2\/types\/post"}],"author":[{"embeddable":true,"href":"https:\/\/tribunadeangola.org\/index.php?rest_route=\/wp\/v2\/users\/1"}],"replies":[{"embeddable":true,"href":"https:\/\/tribunadeangola.org\/index.php?rest_route=%2Fwp%2Fv2%2Fcomments&post=5183"}],"version-history":[{"count":1,"href":"https:\/\/tribunadeangola.org\/index.php?rest_route=\/wp\/v2\/posts\/5183\/revisions"}],"predecessor-version":[{"id":5185,"href":"https:\/\/tribunadeangola.org\/index.php?rest_route=\/wp\/v2\/posts\/5183\/revisions\/5185"}],"wp:featuredmedia":[{"embeddable":true,"href":"https:\/\/tribunadeangola.org\/index.php?rest_route=\/wp\/v2\/media\/5184"}],"wp:attachment":[{"href":"https:\/\/tribunadeangola.org\/index.php?rest_route=%2Fwp%2Fv2%2Fmedia&parent=5183"}],"wp:term":[{"taxonomy":"category","embeddable":true,"href":"https:\/\/tribunadeangola.org\/index.php?rest_route=%2Fwp%2Fv2%2Fcategories&post=5183"},{"taxonomy":"post_tag","embeddable":true,"href":"https:\/\/tribunadeangola.org\/index.php?rest_route=%2Fwp%2Fv2%2Ftags&post=5183"}],"curies":[{"name":"wp","href":"https:\/\/api.w.org\/{rel}","templated":true}]}}