{"id":5180,"date":"2021-09-25T21:25:49","date_gmt":"2021-09-25T20:25:49","guid":{"rendered":"https:\/\/tribunadeangola.org\/?p=5180"},"modified":"2021-10-01T17:13:22","modified_gmt":"2021-10-01T16:13:22","slug":"fpu-duas-metades-de-um-logro","status":"publish","type":"post","link":"https:\/\/tribunadeangola.org\/?p=5180","title":{"rendered":"FPU- duas metades de um logro"},"content":{"rendered":"\n<p class=\"has-drop-cap\">Compreende-se agora o porqu\u00ea de uma lista de desconhecidos e incapazes ministeri\u00e1veis lan\u00e7ada para a ribalta p\u00fablica; \u00e9 a consequ\u00eancia da dualidade de crit\u00e9rios da a\u00e7\u00e3o pol\u00edtica dos anarquistas arruaceiros, que como bons executores de uma clandestinidade de c\u00e1tedra, deixaram as emin\u00eancias do comando estrat\u00e9gico para tarefas mais incisivas na conquista do Poder, como dizem agora, a bem ou a mal.<\/p>\n\n\n\n<p>Com crit\u00e9rios de atua\u00e7\u00e3o bem definidos, lan\u00e7am a p\u00fablico contrainforma\u00e7\u00e3o para ocultar o prop\u00f3sito da coliga\u00e7\u00e3o, lan\u00e7am d\u00fabias insinua\u00e7\u00f5es para iludir o mercado, caucionar a busca de credibilidade pol\u00edtica e econ\u00f3mica, mas com o poder como dado adquirido, planeiam em conjunto com o ANC sul-africano uma onda de nacionaliza\u00e7\u00f5es de tudo que \u00e9 produtivo e entregar a uma pseudo elite que emergir\u00e1 de uma lista de marimbondos que financiam e apoiam as corridas, a falsa e a verdadeira.<\/p>\n\n\n\n<p>Nada do que vir\u00e1 a p\u00fablico nesta fase corresponde a vias de facto, em Angola e fora ensaiam-se cen\u00e1rios, alguns rid\u00edculos que atentam \u00e0 intelig\u00eancia dos cidad\u00e3os, outros at\u00e9 insultuosos que personificam quem os emite, \u00e9 pr\u00f3prio da raiz pessoal de Adalberto da Costa J\u00fanior e das hesita\u00e7\u00f5es e falta de lideran\u00e7a e verticalidade de Abel Chivukuvuku. Que pena arrastarem com eles gente de bem e angolanos incautos feitos marionetes como se de patetas e idiotas \u00fateis se tratassem.<\/p>\n\n\n\n<p>ACJ esteve em Roma, simula uma credibilidade que n\u00e3o tem junto da Santa S\u00e9, padres e freiras angolanas foram torturadas a mando do psicopata Jonas Savimbi, miss\u00f5es protestantes e adventistas foram poupadas, Ordens religiosas acolheram-lhes noutras paragens, o Vaticano n\u00e3o dorme nem esquece, e sabe que a c\u00fapula da UNITA \u00e9 invariavelmente Protestante e Adventista, o MPLA, pese embora a sua doutrina marxista, nunca extremou posi\u00e7\u00f5es com os cat\u00f3licos, da\u00ed os Papas nunca terem desanexado de Angola a Igreja cabindense.<\/p>\n\n\n\n<p>Agora a FPU agendou para Lisboa uma manifesta\u00e7\u00e3o, os ativistas que a mobilizam s\u00e3o exilados que vivem de subs\u00eddios sociais nos pa\u00edses de acolhimento, interessa-lhes o caos em Angola, s\u00e3o instrumento da parasitagem pol\u00edtica internacional, mas para a UNITA tudo que cheire a instabilidade \u00e9 \u00fatil e a intriga, a mentira e a insinua\u00e7\u00e3o s\u00e3o armas de arremesso que surgir\u00e3o com mais intensidade a cada dia que passa.<\/p>\n\n\n\n<p>At\u00e9 quando&#8230;???<\/p>\n","protected":false},"excerpt":{"rendered":"<p>Compreende-se agora o porqu\u00ea de uma lista de desconhecidos e incapazes ministeri\u00e1veis lan\u00e7ada para a ribalta p\u00fablica; \u00e9 a consequ\u00eancia da dualidade de crit\u00e9rios da a\u00e7\u00e3o pol\u00edtica dos anarquistas arruaceiros, que como bons executores de uma clandestinidade de c\u00e1tedra, deixaram as emin\u00eancias do comando estrat\u00e9gico para tarefas mais incisivas na conquista do Poder, como dizem [&hellip;]<\/p>\n","protected":false},"author":5,"featured_media":5181,"comment_status":"open","ping_status":"open","sticky":false,"template":"","format":"standard","meta":{"inline_featured_image":false,"footnotes":""},"categories":[105,21],"tags":[327,491,28,958,1082,292,475],"class_list":["post-5180","post","type-post","status-publish","format-standard","has-post-thumbnail","hentry","category-noticias","category-opiniao","tag-abel-chivukuvuku","tag-acj","tag-adalberto-costa-junior","tag-coligacao","tag-fpu","tag-marimbondos","tag-poder"],"_links":{"self":[{"href":"https:\/\/tribunadeangola.org\/index.php?rest_route=\/wp\/v2\/posts\/5180","targetHints":{"allow":["GET"]}}],"collection":[{"href":"https:\/\/tribunadeangola.org\/index.php?rest_route=\/wp\/v2\/posts"}],"about":[{"href":"https:\/\/tribunadeangola.org\/index.php?rest_route=\/wp\/v2\/types\/post"}],"author":[{"embeddable":true,"href":"https:\/\/tribunadeangola.org\/index.php?rest_route=\/wp\/v2\/users\/5"}],"replies":[{"embeddable":true,"href":"https:\/\/tribunadeangola.org\/index.php?rest_route=%2Fwp%2Fv2%2Fcomments&post=5180"}],"version-history":[{"count":1,"href":"https:\/\/tribunadeangola.org\/index.php?rest_route=\/wp\/v2\/posts\/5180\/revisions"}],"predecessor-version":[{"id":5182,"href":"https:\/\/tribunadeangola.org\/index.php?rest_route=\/wp\/v2\/posts\/5180\/revisions\/5182"}],"wp:featuredmedia":[{"embeddable":true,"href":"https:\/\/tribunadeangola.org\/index.php?rest_route=\/wp\/v2\/media\/5181"}],"wp:attachment":[{"href":"https:\/\/tribunadeangola.org\/index.php?rest_route=%2Fwp%2Fv2%2Fmedia&parent=5180"}],"wp:term":[{"taxonomy":"category","embeddable":true,"href":"https:\/\/tribunadeangola.org\/index.php?rest_route=%2Fwp%2Fv2%2Fcategories&post=5180"},{"taxonomy":"post_tag","embeddable":true,"href":"https:\/\/tribunadeangola.org\/index.php?rest_route=%2Fwp%2Fv2%2Ftags&post=5180"}],"curies":[{"name":"wp","href":"https:\/\/api.w.org\/{rel}","templated":true}]}}