{"id":5170,"date":"2021-09-24T09:24:13","date_gmt":"2021-09-24T08:24:13","guid":{"rendered":"https:\/\/tribunadeangola.org\/?p=5170"},"modified":"2021-09-27T16:57:00","modified_gmt":"2021-09-27T15:57:00","slug":"joao-lourenco-nos-eua-bons-pressagios","status":"publish","type":"post","link":"https:\/\/tribunadeangola.org\/?p=5170","title":{"rendered":"Jo\u00e3o Louren\u00e7o nos EUA: bons press\u00e1gios"},"content":{"rendered":"\n<p class=\"has-drop-cap\">A viagem do Presidente Jo\u00e3o Louren\u00e7o aos Estados Unidos representa mais um cap\u00edtulo importante nas rela\u00e7\u00f5es entre os dois pa\u00edses.<\/p>\n\n\n\n<p>Na 76\u00aa sess\u00e3o da Assembleia Geral da ONU, subordinada ao tema \u201cConstruindo resili\u00eancia atrav\u00e9s da esperan\u00e7a &#8211; recuperar da Covid-19, reconstruir a sustentabilidade, responder \u00e0s necessidades do planeta, respeitar os direitos das pessoas e revitalizar as Na\u00e7\u00f5es Unidas\u201d, o discurso do Presidente debru\u00e7ou-se em tr\u00eas mat\u00e9rias: balan\u00e7o sobre a pandemia covid-19 e as respectivas consequ\u00eancias que esta trouxe a n\u00edvel global, quest\u00f5es ligadas \u00e0 paz e seguran\u00e7a no continente africano, com especial \u00eanfase dado ao papel que Angola tem desempenhado na Rep\u00fablica Centro Africana e as altera\u00e7\u00f5es clim\u00e1ticas.<\/p>\n\n\n\n<p>Contudo, o mais importante \u00e9 saber os resultados dos v\u00e1rios encontros que se foram desenrolando com empresas, institui\u00e7\u00f5es e o governo norte-americano.<\/p>\n\n\n\n<p>Em primeiro lugar, sa\u00fada-se o in\u00edcio de negocia\u00e7\u00f5es com a empresa americana African Parks para uma parceria p\u00fablico-privada, co-gest\u00e3o e desenvolvimento dos parques naturais do Luengue-Luiana e Mavinga. O Presidente afirmou que a \u201cAfrican Parks trar\u00e1 o financiamento e a experi\u00eancia t\u00e9cnica necess\u00e1rias para conservar e administrar essas vastas \u00e1reas que est\u00e3o sob crescente amea\u00e7a de desmatamento, fogo e ca\u00e7a furtiva\u201d.<\/p>\n\n\n\n<p>Na mat\u00e9ria ambiental, sublinhe-se tamb\u00e9m que Angola ser\u00e1 o terceiro signat\u00e1rio do protocolo contra o tr\u00e1fico il\u00edcito da flora e da fauna selvagens.<\/p>\n\n\n\n<p>Sobre o clima e energias renov\u00e1veis, um tema que tem sido dos mais debatidos nos \u00faltimos tempos no \u00e2mbito da ONU, JLo afirmou que o pa\u00eds est\u00e1 a trabalhar em estreita colabora\u00e7\u00e3o com os principais actores da pol\u00edtica internacional, no sentido de desenvolver uma estrat\u00e9gia comum de redu\u00e7\u00e3o da emiss\u00e3o global de carbono e na cria\u00e7\u00e3o de um ambiente sustent\u00e1vel para as pr\u00f3ximas gera\u00e7\u00f5es.<\/p>\n\n\n\n<p>O Presidente lembrou tamb\u00e9m que Angola \u00e9 rico em recursos naturais, possui belas paisagens, uma vida selvagem \u00edmpar e disp\u00f5e de uma das maiores redes hidrogr\u00e1ficas. Estas mais-valias, representam certamente uma oportunidade v\u00e1lida para apostar seriamente nas fontes de energias renov\u00e1veis.<\/p>\n\n\n\n<p>Ainda em Washington, JLo salientou o papel que os EUA t\u00eam desempenhado em v\u00e1rias mat\u00e9rias: no processo de desminagem do pa\u00eds, no apoio a \u00c1frica ao enviar milh\u00f5es de vacinas para o continente (500 mil doses j\u00e1 chegaram a Angola no m\u00eas passado), nas telecomunica\u00e7\u00f5es, energias renov\u00e1veis, entre outros.<\/p>\n\n\n\n<p>Relativamente a estes dois \u00faltimos aspectos, o estadista vincou que uma operadora de capital americano, tornou-se no primeiro investidor estrangeiro a deter uma licen\u00e7a de telefonia m\u00f3vel no pa\u00eds e que o maior projecto de energia solar do pa\u00eds est\u00e1 a ser desenvolvido por uma empresa privada americana, em parceria com o Exinbank.<\/p>\n\n\n\n<p>Ali\u00e1s, a n\u00edvel de parcerias, foram estabelecidas ou confirmadas v\u00e1rias entre os dois Estados, contudo ganha particular destaque a que permitir\u00e1 electrificar quatro prov\u00edncias do pa\u00eds e suas principais comunas \u2013 Namibe, Cuando Cubango, Hu\u00edla e Cunene, num projecto avaliado em 1,5 mil milh\u00f5es de d\u00f3lares a ser executado pela empresa americana San \u00c1frica.<\/p>\n\n\n\n<p>No sector petrol\u00edfero, evid\u00eancia para o acordo realizado com uma empresa americana que vai construir no Soyo, prov\u00edncia do Zaire, uma refinaria para 100 barris de petr\u00f3leo bruto por dia.<\/p>\n\n\n\n<p>Ao n\u00edvel de encontros com figuras estatais norte americanas, destaque para os encontros com Nancy Pelosi Presidente da C\u00e2mara dos Representantes do Congresso, Robert Menendez, Presidente da Comiss\u00e3o das Rela\u00e7\u00f5es Exteriores do Senado e o Presidente do Comit\u00e9 de Rela\u00e7\u00f5es Exteriores da C\u00e2mara dos Representantes, Gregory Meeks. A intensifica\u00e7\u00e3o e o fortalecimento das rela\u00e7\u00f5es entre os dois estados foi a tem\u00e1tica principal do encontro.<\/p>\n\n\n\n<p>Por \u00faltimo, n\u00e3o nos esque\u00e7amos tamb\u00e9m as v\u00e1rias iniciativas que t\u00eam vindo a ser encetadas em territ\u00f3rio nacional. Exemplo disso foi o ciclo de reuni\u00f5es designado RoadShow PROPRIV, que numa das suas sess\u00f5es mais recentes, contou a com a presen\u00e7a de v\u00e1rios investidores americanos, e do Secret\u00e1rio de Estado para as Finan\u00e7as e Tesouro, Ottoniel dos Santos. Esta sess\u00e3o visou promover um maior com\u00e9rcio e investimento entre os dois pa\u00edses. Angola \u00e9 o terceiro maior parceiro comercial dos EUA na regi\u00e3o subsariana, sendo o petr\u00f3leo a maior fonte de exporta\u00e7\u00e3o.<\/p>\n","protected":false},"excerpt":{"rendered":"<p>A viagem do Presidente Jo\u00e3o Louren\u00e7o aos Estados Unidos representa mais um cap\u00edtulo importante nas rela\u00e7\u00f5es entre os dois pa\u00edses. Na 76\u00aa sess\u00e3o da Assembleia Geral da ONU, subordinada ao tema \u201cConstruindo resili\u00eancia atrav\u00e9s da esperan\u00e7a &#8211; recuperar da Covid-19, reconstruir a sustentabilidade, responder \u00e0s necessidades do planeta, respeitar os direitos das pessoas e revitalizar [&hellip;]<\/p>\n","protected":false},"author":1,"featured_media":5171,"comment_status":"open","ping_status":"open","sticky":false,"template":"","format":"standard","meta":{"inline_featured_image":false,"footnotes":""},"categories":[105,21],"tags":[1136,1132,89,110,169,1133,33,1110,1126,612,1134,474,145,1135,1131,1137,804],"class_list":["post-5170","post","type-post","status-publish","format-standard","has-post-thumbnail","hentry","category-noticias","category-opiniao","tag-african-parks","tag-ambiente","tag-angola","tag-covid-19","tag-eua","tag-gregory-meeks","tag-joao-lourenco","tag-joe-biden","tag-nancy-pelosi","tag-onu","tag-ottoniel-dos-santos","tag-paz","tag-presidente-da-republica","tag-relacoes-internacionais","tag-robert-menendez","tag-san-africa","tag-seguranca"],"_links":{"self":[{"href":"https:\/\/tribunadeangola.org\/index.php?rest_route=\/wp\/v2\/posts\/5170","targetHints":{"allow":["GET"]}}],"collection":[{"href":"https:\/\/tribunadeangola.org\/index.php?rest_route=\/wp\/v2\/posts"}],"about":[{"href":"https:\/\/tribunadeangola.org\/index.php?rest_route=\/wp\/v2\/types\/post"}],"author":[{"embeddable":true,"href":"https:\/\/tribunadeangola.org\/index.php?rest_route=\/wp\/v2\/users\/1"}],"replies":[{"embeddable":true,"href":"https:\/\/tribunadeangola.org\/index.php?rest_route=%2Fwp%2Fv2%2Fcomments&post=5170"}],"version-history":[{"count":1,"href":"https:\/\/tribunadeangola.org\/index.php?rest_route=\/wp\/v2\/posts\/5170\/revisions"}],"predecessor-version":[{"id":5172,"href":"https:\/\/tribunadeangola.org\/index.php?rest_route=\/wp\/v2\/posts\/5170\/revisions\/5172"}],"wp:featuredmedia":[{"embeddable":true,"href":"https:\/\/tribunadeangola.org\/index.php?rest_route=\/wp\/v2\/media\/5171"}],"wp:attachment":[{"href":"https:\/\/tribunadeangola.org\/index.php?rest_route=%2Fwp%2Fv2%2Fmedia&parent=5170"}],"wp:term":[{"taxonomy":"category","embeddable":true,"href":"https:\/\/tribunadeangola.org\/index.php?rest_route=%2Fwp%2Fv2%2Fcategories&post=5170"},{"taxonomy":"post_tag","embeddable":true,"href":"https:\/\/tribunadeangola.org\/index.php?rest_route=%2Fwp%2Fv2%2Ftags&post=5170"}],"curies":[{"name":"wp","href":"https:\/\/api.w.org\/{rel}","templated":true}]}}