{"id":5141,"date":"2021-09-19T20:42:14","date_gmt":"2021-09-19T19:42:14","guid":{"rendered":"https:\/\/tribunadeangola.org\/?p=5141"},"modified":"2021-09-23T18:17:51","modified_gmt":"2021-09-23T17:17:51","slug":"acj-e-a-contaminacao","status":"publish","type":"post","link":"https:\/\/tribunadeangola.org\/?p=5141","title":{"rendered":"ACJ e a Contamina\u00e7\u00e3o"},"content":{"rendered":"\n<p class=\"has-drop-cap\">Do meu ch\u00e3o, dos amigos do tempo longe e comprido, chegam novas insuspeitas que rompem o sil\u00eancio do medo, escapados da sombra da persegui\u00e7\u00e3o mostram receio do que o futuro lhes adivinha, o trapaceiro de Tchingenge, Adalberto Costa J\u00fanior, afronta com ru\u00eddo a paci\u00eancia de todos quantos t\u00eam a responsabilidade de assegurar a estabilidade social e pol\u00edtica, a autoridade do Estado de Direito e de cumprir e fazer cumprir todos os preceitos constitucionais.<\/p>\n\n\n\n<p>Limites de bom senso e de admissibilidade j\u00e1 as esgotaram, a t\u00e1tica da vitimiza\u00e7\u00e3o est\u00e1 a tornar-se intoler\u00e1vel, o risco da anarquia desenfreada engrossa o desafio, e est\u00e1 mais claro a cada dia que passa que as elei\u00e7\u00f5es s\u00e3o mero entretenimento, at\u00e9 l\u00e1 vale tudo na tomada do Poder, mesmo alian\u00e7as com o diabo.<\/p>\n\n\n\n<p>A UNITA profunda j\u00e1 est\u00e1 afastada, as feridas das bicadas do Galo ainda n\u00e3o sararam, outras tornaram-se cicatrizes de momentos embandeirados em arco e estandartes quando os atuais donos do Partido viviam em Lisboa, Paris, Londres e Nova York, de onde voltaram todos falsos doutores e engenheiros.<\/p>\n\n\n\n<p>A sementeira do caos prossegue fora de tempo, nada se respeita, o desafio incha com slogans traduzidos em meras provoca\u00e7\u00f5es, os voc\u00e1bulos empertigados de vaidade s\u00e3o ditos em decib\u00e9is elevados para satisfa\u00e7\u00e3o do ego, de uma pequena nuvem fazem uma tempestade e do vendaval uma vit\u00f3ria e uma rendi\u00e7\u00e3o de quem lhes estendeu a m\u00e3o.<\/p>\n\n\n\n<p>Porque fala tanto em Cidadania ACJ? Saber\u00e1 ele na sua incapacidade pol\u00edtica e intelectual que pressup\u00f5es Direitos em troca de Deveres e Obriga\u00e7\u00f5es que exigem honorabilidade pessoal para que se traduza em dignidade coletiva?<\/p>\n\n\n\n<p>Onde est\u00e1 a \u00e9tica republicana que imp\u00f5es moral e respeito pela Coisa P\u00fablica? A forma atentat\u00f3ria como o Galo Negro tem afrontado e enxovalhado os agentes da autoridade no exerc\u00edcio de soberania \u00e9 toler\u00e1vel em Democracia?<\/p>\n\n\n\n<p>A transpar\u00eancia t\u00e3o apregoada em frenesim louco n\u00e3o obriga o Partido a declarar de onde v\u00eam os fundos para tanta festa? Quanto a UNITA j\u00e1 recebeu de fundos do dinheiro roubado aos angolanos pelos &#8220;marimbondos&#8221;? O mundo sabe que receberam e recebem, como sempre receberam de Jos\u00e9 Eduardo dos Santos desde 2002, e da toler\u00e2ncia do garimpo que enriqueceu uma d\u00fazia de dirigentes que deixaram \u00e0 fome milhares de ex-combatentes.<\/p>\n\n\n\n<p>Conhecendo as emin\u00eancias pardas do conluio, perspetiva-se um caminho sombrio para o abismo, J\u00e1 n\u00e3o h\u00e1 matas impenetr\u00e1veis nem ex\u00edlios dourados, o escudo da guerra fria dissipou-se, e a falta de discernimento em Democracia leva ao caminho das trevas.<\/p>\n\n\n\n<p>O acolhimento e cumplicidade com arruaceiros fora da lei, \u00e9 uma aliena\u00e7\u00e3o da UNITA ao permanente desafio no espa\u00e7o p\u00fablico, o secretismo de desenvolvimentos de boicotes no fomento de instabilidade, joga o Galo Negro para uma semiclandestinidade que resvala em alguns aspetos para um verdadeiro terrorismo de Estado, e minada est\u00e1 j\u00e1, tamb\u00e9m, a FPU Frente Patri\u00f3tica Unida que j\u00e1 anunciava a viagem do vice-presidente Bornito de Sousa, de Lisboa para Copenhaga, em clara fuga de Luanda.<\/p>\n\n\n\n<p>At\u00e9 quando?<\/p>\n","protected":false},"excerpt":{"rendered":"<p>Do meu ch\u00e3o, dos amigos do tempo longe e comprido, chegam novas insuspeitas que rompem o sil\u00eancio do medo, escapados da sombra da persegui\u00e7\u00e3o mostram receio do que o futuro lhes adivinha, o trapaceiro de Tchingenge, Adalberto Costa J\u00fanior, afronta com ru\u00eddo a paci\u00eancia de todos quantos t\u00eam a responsabilidade de assegurar a estabilidade social [&hellip;]<\/p>\n","protected":false},"author":5,"featured_media":5142,"comment_status":"open","ping_status":"open","sticky":false,"template":"","format":"standard","meta":{"inline_featured_image":false,"footnotes":""},"categories":[105,21],"tags":[491,28,1107,94,24,292,25],"class_list":["post-5141","post","type-post","status-publish","format-standard","has-post-thumbnail","hentry","category-noticias","category-opiniao","tag-acj","tag-adalberto-costa-junior","tag-cidadania","tag-estado-de-direito","tag-galo-negro","tag-marimbondos","tag-unita"],"_links":{"self":[{"href":"https:\/\/tribunadeangola.org\/index.php?rest_route=\/wp\/v2\/posts\/5141","targetHints":{"allow":["GET"]}}],"collection":[{"href":"https:\/\/tribunadeangola.org\/index.php?rest_route=\/wp\/v2\/posts"}],"about":[{"href":"https:\/\/tribunadeangola.org\/index.php?rest_route=\/wp\/v2\/types\/post"}],"author":[{"embeddable":true,"href":"https:\/\/tribunadeangola.org\/index.php?rest_route=\/wp\/v2\/users\/5"}],"replies":[{"embeddable":true,"href":"https:\/\/tribunadeangola.org\/index.php?rest_route=%2Fwp%2Fv2%2Fcomments&post=5141"}],"version-history":[{"count":1,"href":"https:\/\/tribunadeangola.org\/index.php?rest_route=\/wp\/v2\/posts\/5141\/revisions"}],"predecessor-version":[{"id":5143,"href":"https:\/\/tribunadeangola.org\/index.php?rest_route=\/wp\/v2\/posts\/5141\/revisions\/5143"}],"wp:featuredmedia":[{"embeddable":true,"href":"https:\/\/tribunadeangola.org\/index.php?rest_route=\/wp\/v2\/media\/5142"}],"wp:attachment":[{"href":"https:\/\/tribunadeangola.org\/index.php?rest_route=%2Fwp%2Fv2%2Fmedia&parent=5141"}],"wp:term":[{"taxonomy":"category","embeddable":true,"href":"https:\/\/tribunadeangola.org\/index.php?rest_route=%2Fwp%2Fv2%2Fcategories&post=5141"},{"taxonomy":"post_tag","embeddable":true,"href":"https:\/\/tribunadeangola.org\/index.php?rest_route=%2Fwp%2Fv2%2Ftags&post=5141"}],"curies":[{"name":"wp","href":"https:\/\/api.w.org\/{rel}","templated":true}]}}