{"id":5136,"date":"2021-09-17T21:57:54","date_gmt":"2021-09-17T20:57:54","guid":{"rendered":"https:\/\/tribunadeangola.org\/?p=5136"},"modified":"2021-09-23T18:17:31","modified_gmt":"2021-09-23T17:17:31","slug":"os-herdeiros-da-cura","status":"publish","type":"post","link":"https:\/\/tribunadeangola.org\/?p=5136","title":{"rendered":"Os herdeiros da loucura"},"content":{"rendered":"\n<p class=\"has-drop-cap\">Come\u00e7a a ser ensurdecedor o ru\u00eddo do desnorte da UNITA, completamente alheia \u00e0 Democracia; sem o m\u00ednimo de no\u00e7\u00e3o do Estado de Direito, Adalberto Costa J\u00fanior perdeu definitivamente o controlo pela sua ambiguidade, quer agradar a gregos e troianos, e naufraga na sua aliena\u00e7\u00e3o \u00e0 ambi\u00e7\u00e3o do Poder.<\/p>\n\n\n\n<p>Fazer do gesto generoso do Presidente Jo\u00e3o Louren\u00e7o ao aconselhar di\u00e1logo com os \u00f3rg\u00e3os&nbsp;de comunica\u00e7\u00e3o social descontentes com o Galo Negro, uma luta em que proclamam at\u00e9 \u00e0 exaust\u00e3o a &#8220;RENDI\u00c7\u00c3O&#8221; da TPA e da TV Zimbo \u00e0s pretens\u00f5es da UNITA, \u00e9 um desafio \u00e0 paci\u00eancia das autoridades de Estado, e uma afronta de desobedi\u00eancia p\u00fablica pr\u00f3pria de quem busca motivos para a\u00e7\u00f5es de outra forma incompreendidos.<\/p>\n\n\n\n<p>Situa\u00e7\u00e3o an\u00e1loga em 1992, arrog\u00e2ncia dos dirigentes amea\u00e7ando a somaliza\u00e7\u00e3o\u00a0de Angola, que levaram ao recome\u00e7o da guerra que uma d\u00e9cada depois levou \u00e0 rendi\u00e7\u00e3o militar da UNITA e \u00e0 miseric\u00f3rdia\u00a0de Jos\u00e9 Eduardo dos Santos em nome da busca da Paz que coincidiu com o desaparecimento de Jonas Malheiro Savimbi.<\/p>\n\n\n\n<p>A similitude \u00e9 preocupante, a arrog\u00e2ncia, a intriga, a busca do conflito pol\u00edtico permanente, o desafio do Estado&nbsp;de Direito, o tacticismo na Lunda e Cabinda, o racismo disfar\u00e7ado, o nepotismo, e o exaltar em cena as dificuldades de Angola e explorar o medo como arma de arremesso de quem n\u00e3o tem nada a perder.<\/p>\n\n\n\n<p>A UNITA est\u00e1 a tornar-se num quisto maligno em Angola, impotente nas urnas, dependente do ruralismo remoto, foge da realidade camuflada na intriga e provoca\u00e7\u00e3o, foi sempre assim, \u00e9 uma heran\u00e7a tr\u00e1gica, sem identidade e sem rumo propagam Muangai e Jonas Savimbi, uma ambiguidade colonial promovida pelas Miss\u00f5es Cat\u00f3licas, Protestantes e Adventistas, que com a OPVDCA (Organiza\u00e7\u00e3o Provincial dos Volunt\u00e1rios da Defesa Civil de Angola) foi patrocinada pelo ent\u00e3o Governador Geral de Angola, Coronel Silvino Silv\u00e9rio Marques em 1966 no Umpulo.<\/p>\n\n\n\n<p>Pelo caminho foram eliminados os moderados e democratas aut\u00eanticos, Jorge Sangumba, Tito Chingunji, Wilson dos Santos, e tantos outros que discordavam da guerra e amavam Angola, temo que tenhamos mais gente a resvalar para o abismo em nome de uma propaganda in\u00f3cua deste populismo rasca sem freios.<\/p>\n\n\n\n<p>Angola \u00e9 neste momento o epicentro das expectativas africanas nos pr\u00f3ximos tempos, o consulado de Jo\u00e3o Louren\u00e7o tem granjeado aten\u00e7\u00f5es positivas internacionalmente, est\u00e3o a ser dados passos decisivos no desenvolvimento sustentado, nada de euforias, e Jos\u00e9 Eduardo&nbsp;dos Santos entendeu a raz\u00e3o, na tranquilidade da sua mans\u00e3o no Miramar, saber\u00e1 distanciar-se, mesmo daqueles que lhe eram pr\u00f3ximos, mas que de Angola apenas querem as mordomias que a corrup\u00e7\u00e3o pode proporcionar.<\/p>\n\n\n\n<p>Adalberto Costa J\u00fanior chegou ao fim do princ\u00edpio, caminha agora inexoravelmente no princ\u00edpio do fim.<\/p>\n","protected":false},"excerpt":{"rendered":"<p>Come\u00e7a a ser ensurdecedor o ru\u00eddo do desnorte da UNITA, completamente alheia \u00e0 Democracia; sem o m\u00ednimo de no\u00e7\u00e3o do Estado de Direito, Adalberto Costa J\u00fanior perdeu definitivamente o controlo pela sua ambiguidade, quer agradar a gregos e troianos, e naufraga na sua aliena\u00e7\u00e3o \u00e0 ambi\u00e7\u00e3o do Poder. Fazer do gesto generoso do Presidente Jo\u00e3o [&hellip;]<\/p>\n","protected":false},"author":5,"featured_media":5137,"comment_status":"open","ping_status":"open","sticky":false,"template":"","format":"standard","meta":{"inline_featured_image":false,"footnotes":""},"categories":[105,21],"tags":[28,89,208,94,33,118,120,475,198,1106,25],"class_list":["post-5136","post","type-post","status-publish","format-standard","has-post-thumbnail","hentry","category-noticias","category-opiniao","tag-adalberto-costa-junior","tag-angola","tag-democracia","tag-estado-de-direito","tag-joao-lourenco","tag-jonas-savimbi","tag-jose-eduardo-dos-santos","tag-poder","tag-tpa","tag-tv-zimbo","tag-unita"],"_links":{"self":[{"href":"https:\/\/tribunadeangola.org\/index.php?rest_route=\/wp\/v2\/posts\/5136","targetHints":{"allow":["GET"]}}],"collection":[{"href":"https:\/\/tribunadeangola.org\/index.php?rest_route=\/wp\/v2\/posts"}],"about":[{"href":"https:\/\/tribunadeangola.org\/index.php?rest_route=\/wp\/v2\/types\/post"}],"author":[{"embeddable":true,"href":"https:\/\/tribunadeangola.org\/index.php?rest_route=\/wp\/v2\/users\/5"}],"replies":[{"embeddable":true,"href":"https:\/\/tribunadeangola.org\/index.php?rest_route=%2Fwp%2Fv2%2Fcomments&post=5136"}],"version-history":[{"count":3,"href":"https:\/\/tribunadeangola.org\/index.php?rest_route=\/wp\/v2\/posts\/5136\/revisions"}],"predecessor-version":[{"id":5140,"href":"https:\/\/tribunadeangola.org\/index.php?rest_route=\/wp\/v2\/posts\/5136\/revisions\/5140"}],"wp:featuredmedia":[{"embeddable":true,"href":"https:\/\/tribunadeangola.org\/index.php?rest_route=\/wp\/v2\/media\/5137"}],"wp:attachment":[{"href":"https:\/\/tribunadeangola.org\/index.php?rest_route=%2Fwp%2Fv2%2Fmedia&parent=5136"}],"wp:term":[{"taxonomy":"category","embeddable":true,"href":"https:\/\/tribunadeangola.org\/index.php?rest_route=%2Fwp%2Fv2%2Fcategories&post=5136"},{"taxonomy":"post_tag","embeddable":true,"href":"https:\/\/tribunadeangola.org\/index.php?rest_route=%2Fwp%2Fv2%2Ftags&post=5136"}],"curies":[{"name":"wp","href":"https:\/\/api.w.org\/{rel}","templated":true}]}}